{"id":617823,"date":"2025-12-23T12:15:19","date_gmt":"2025-12-23T12:15:19","guid":{"rendered":"https:\/\/www.europesays.com\/fr\/617823\/"},"modified":"2025-12-23T12:15:19","modified_gmt":"2025-12-23T12:15:19","slug":"deux-mois-apres-le-casse-au-louvre-une-grille-installee-sur-la-fenetre-de-la-galerie-dapollon","status":"publish","type":"post","link":"https:\/\/www.europesays.com\/fr\/617823\/","title":{"rendered":"Deux mois apr\u00e8s le casse au Louvre, une grille install\u00e9e sur la fen\u00eatre de la galerie d&rsquo;Apollon"},"content":{"rendered":"<p>\n    Des \u00ab\u00a0r\u00e9flexions\u00a0\u00bb sont en cours concernant la \u00ab\u00a0s\u00e9curisation sur les autres fen\u00eatres\u00a0\u00bb, pr\u00e9cise Fran\u00e7ois Ch\u00e2tillon, architecte en chef des monuments historiques en charge du Louvre.<\/p>\n<p class=\"fig-paragraph\">Une grille de protection a \u00e9t\u00e9 install\u00e9e mardi matin sur la porte-fen\u00eatre de la\u00a0<a href=\"http:\/\/www.lefigaro.fr\/culture\/patrimoine\/vol-au-louvre-la-galerie-d-apollon-n-etait-pas-un-point-de-vigilance-selon-laurence-des-cars-20251201\" data-fig-type=\"NewsFlash\" data-gtm-custom-categorie=\"navigation\" data-gtm-custom-action=\"crossclick\" data-gtm-custom-label=\"Contextuel\" data-gtm-event=\"customEventSPE\" data-fig-domain=\"LEFIGARO\" target=\"_blank\" rel=\"noopener\">galerie d&rsquo;Apollon<\/a>\u00a0du\u00a0<a href=\"http:\/\/www.lefigaro.fr\/actualite-france\/dossier\/vol-au-louvre-notre-dossier-pour-tout-comprendre\" data-fig-type=\"Topic\" data-gtm-custom-categorie=\"navigation\" data-gtm-custom-action=\"crossclick\" data-gtm-custom-label=\"Contextuel\" data-gtm-event=\"customEventSPE\" data-fig-domain=\"LEFIGARO\" target=\"_blank\" rel=\"noopener\">Louvre,<\/a>\u00a0emprunt\u00e9e par les cambrioleurs lors du spectaculaire\u00a0<a href=\"http:\/\/www.lefigaro.fr\/politique\/vol-au-louvre-les-bijoux-seront-retrouves-promet-emmanuel-macron-20251108\" data-fig-type=\"NewsFlash\" data-gtm-custom-categorie=\"navigation\" data-gtm-custom-action=\"crossclick\" data-gtm-custom-label=\"Contextuel\" data-gtm-event=\"customEventSPE\" data-fig-domain=\"LEFIGARO\" target=\"_blank\" rel=\"noopener\">vol de bijoux<\/a>\u00a0du 19 octobre, a constat\u00e9 un journaliste de l&rsquo;AFP. \u00ab\u00a0C&rsquo;est l&rsquo;une des mesures d&rsquo;urgence d\u00e9cid\u00e9es apr\u00e8s le vol\u00a0\u00bb, a indiqu\u00e9 \u00e0 l&rsquo;AFP Francis Steinbock, administrateur g\u00e9n\u00e9ral adjoint du mus\u00e9e.<\/p>\n<p class=\"fig-paragraph\">En d\u00e9but de matin\u00e9e, des ouvriers install\u00e9s sur un balcon ont r\u00e9ceptionn\u00e9 une imposante grille mont\u00e9e par un camion nacelle pour la fixer sur la porte-fen\u00eatre. \u00ab\u00a0Nous avions pris l&rsquo;engagement de le faire avant la fin de l&rsquo;ann\u00e9e\u00a0\u00bb, a ajout\u00e9 le responsable, pr\u00e9cisant que l&rsquo;op\u00e9ration avait \u00e9t\u00e9 pilot\u00e9e par\u00a0<a href=\"https:\/\/www.lefigaro.fr\/culture\/2018\/09\/21\/03004-20180921ARTFIG00246-francois-chatillon-restaurer-coute-plus-cher-que-construire-du-neuf.php\" data-fig-type=\"Article\" data-gtm-custom-categorie=\"navigation\" data-gtm-custom-action=\"crossclick\" data-gtm-custom-label=\"Contextuel\" data-gtm-event=\"customEventSPE\" data-fig-domain=\"LEFIGARO\" target=\"_blank\" rel=\"noopener\">Fran\u00e7ois Ch\u00e2tillon,<\/a>\u00a0l&rsquo;architecte en chef des monuments historiques du Louvre. Des \u00ab\u00a0r\u00e9flexions\u00a0\u00bb sont en cours concernant la \u00ab\u00a0s\u00e9curisation sur les autres fen\u00eatres\u00a0\u00bb, a-t-il poursuivi.<\/p>\n<p>                                            <a class=\"fig-a11y-skip\" href=\"#fig-a11y-skip-main-inarticle\" data-module=\"a11y-skip\" data-context=\"was @visible\"><br \/>\n    Passer la publicit\u00e9<br \/>\n<\/a>            <\/p>\n<p>                                            Des policiers pendant les f\u00eates de fin d\u2019ann\u00e9e<\/p>\n<p class=\"fig-paragraph\">La pr\u00e9sidente du Louvre, Laurence des Cars, avait assur\u00e9 la semaine derni\u00e8re devant les s\u00e9nateurs qu&rsquo;une grille serait repos\u00e9e \u00ab\u00a0avant No\u00ebl\u00a0\u00bb. Elle avait pr\u00e9cis\u00e9 que la pr\u00e9c\u00e9dente avait \u00e9t\u00e9 retir\u00e9e en 2003-2004, lors d&rsquo;importants travaux de restauration de la galerie d&rsquo;Apollon.<\/p>\n<p class=\"fig-paragraph\">Comme annonc\u00e9, un poste de police mobile est d\u00e9sormais d\u00e9ploy\u00e9 dans la cour Napol\u00e9on. \u00ab\u00a0Il sera pr\u00e9sent pendant toute la p\u00e9riode des f\u00eates de fin d&rsquo;ann\u00e9e ainsi que lors des pics de fr\u00e9quentation\u00a0\u00bb, a confirm\u00e9 Francis Steinbock. Autre chantier majeur: le renforcement de la vid\u00e9osurveillance sur les fa\u00e7ades du palais. \u00ab\u00a0Nous avons annonc\u00e9 un dispositif d&rsquo;une centaine de cam\u00e9ras positionn\u00e9es autour du palais. Le march\u00e9 a \u00e9t\u00e9 sign\u00e9 et l&rsquo;installation pourra d\u00e9buter tout au long de l&rsquo;ann\u00e9e 2026\u00a0\u00bb, a-t-il pr\u00e9cis\u00e9. La semaine derni\u00e8re, le Louvre avait \u00e9galement annonc\u00e9 l&rsquo;ach\u00e8vement de la mise en place de dispositifs anti-intrusion autour du mus\u00e9e.<\/p>\n<p class=\"fig-paragraph\">Le 19 octobre, quatre malfaiteurs ont r\u00e9ussi \u00e0 approcher le b\u00e2timent en camion-\u00e9l\u00e9vateur et \u00e0 hisser deux d&rsquo;entre eux jusqu&rsquo;\u00e0 la galerie d&rsquo;Apollon gr\u00e2ce \u00e0 une nacelle. Apr\u00e8s avoir d\u00e9coup\u00e9 une fen\u00eatre \u00e0 la disqueuse, ils avaient d\u00e9rob\u00e9 huit joyaux de la Couronne de France. Le butin, estim\u00e9 \u00e0 88 millions d&rsquo;euros, reste introuvable.<\/p>\n<p class=\"fig-paragraph\">Depuis, la s\u00e9curit\u00e9 du mus\u00e9e le plus visit\u00e9 au monde se retrouve au c\u0153ur des critiques, le braquage ayant r\u00e9v\u00e9l\u00e9 une s\u00e9rie de d\u00e9faillances. Les voleurs auraient pu \u00eatre stopp\u00e9s\u00a0<a href=\"http:\/\/www.lefigaro.fr\/culture\/patrimoine\/vulnerabilite-de-la-fenetre-exterieure-defaut-de-cameras-rondes-insuffisantes-ce-que-dit-le-rapport-van-cleef-arpels-sur-le-louvre-20251210\" data-fig-type=\"Article\" data-gtm-custom-categorie=\"navigation\" data-gtm-custom-action=\"crossclick\" data-gtm-custom-label=\"Contextuel\" data-gtm-event=\"customEventSPE\" data-fig-domain=\"LEFIGARO\" target=\"_blank\" rel=\"noopener\">\u00ab \u00e0 30 secondes pr\u00e8s\u00a0\u00bb,<\/a>\u00a0a notamment estim\u00e9 mi-d\u00e9cembre No\u00ebl Corbin, chef de l&rsquo;Inspection g\u00e9n\u00e9rale des affaires culturelles (Igac).<\/p>\n","protected":false},"excerpt":{"rendered":"Des \u00ab\u00a0r\u00e9flexions\u00a0\u00bb sont en cours concernant la \u00ab\u00a0s\u00e9curisation sur les autres fen\u00eatres\u00a0\u00bb, pr\u00e9cise Fran\u00e7ois Ch\u00e2tillon, architecte en chef&hellip;\n","protected":false},"author":2,"featured_media":617824,"comment_status":"","ping_status":"","sticky":false,"template":"","format":"standard","meta":{"footnotes":""},"categories":[1358],"tags":[1348,1384,1385,1386,58,59,1011,27,11274,656,1175],"class_list":{"0":"post-617823","1":"post","2":"type-post","3":"status-publish","4":"format-standard","5":"has-post-thumbnail","7":"category-arts-et-design","8":"tag-arts","9":"tag-arts-and-design","10":"tag-arts-et-design","11":"tag-design","12":"tag-divertissement","13":"tag-entertainment","14":"tag-fr","15":"tag-france","16":"tag-louvre","17":"tag-securite","18":"tag-vol"},"share_on_mastodon":{"url":"https:\/\/pubeurope.com\/@fr\/115768834301727623","error":""},"_links":{"self":[{"href":"https:\/\/www.europesays.com\/fr\/wp-json\/wp\/v2\/posts\/617823","targetHints":{"allow":["GET"]}}],"collection":[{"href":"https:\/\/www.europesays.com\/fr\/wp-json\/wp\/v2\/posts"}],"about":[{"href":"https:\/\/www.europesays.com\/fr\/wp-json\/wp\/v2\/types\/post"}],"author":[{"embeddable":true,"href":"https:\/\/www.europesays.com\/fr\/wp-json\/wp\/v2\/users\/2"}],"replies":[{"embeddable":true,"href":"https:\/\/www.europesays.com\/fr\/wp-json\/wp\/v2\/comments?post=617823"}],"version-history":[{"count":0,"href":"https:\/\/www.europesays.com\/fr\/wp-json\/wp\/v2\/posts\/617823\/revisions"}],"wp:featuredmedia":[{"embeddable":true,"href":"https:\/\/www.europesays.com\/fr\/wp-json\/wp\/v2\/media\/617824"}],"wp:attachment":[{"href":"https:\/\/www.europesays.com\/fr\/wp-json\/wp\/v2\/media?parent=617823"}],"wp:term":[{"taxonomy":"category","embeddable":true,"href":"https:\/\/www.europesays.com\/fr\/wp-json\/wp\/v2\/categories?post=617823"},{"taxonomy":"post_tag","embeddable":true,"href":"https:\/\/www.europesays.com\/fr\/wp-json\/wp\/v2\/tags?post=617823"}],"curies":[{"name":"wp","href":"https:\/\/api.w.org\/{rel}","templated":true}]}}