{"id":617825,"date":"2025-12-23T12:17:11","date_gmt":"2025-12-23T12:17:11","guid":{"rendered":"https:\/\/www.europesays.com\/fr\/617825\/"},"modified":"2025-12-23T12:17:11","modified_gmt":"2025-12-23T12:17:11","slug":"camille-combal-mon-fils-est-en-cette-rare-confidence-personnelle","status":"publish","type":"post","link":"https:\/\/www.europesays.com\/fr\/617825\/","title":{"rendered":"Camille Combal : \u00ab\u00a0Mon fils est en&#8230;\u00a0\u00bb, cette rare confidence personnelle"},"content":{"rendered":"<p><strong>Camille Combal<\/strong> s\u2019est impos\u00e9 comme l\u2019une des<br \/>\nfigures incontournables du paysage audiovisuel fran\u00e7ais. Animateur,<br \/>\nchroniqueur et humoriste, il a su s\u00e9duire le public gr\u00e2ce \u00e0 son<br \/>\nhumour, sa spontan\u00e9it\u00e9 et sa capacit\u00e9 \u00e0 r\u00e9inventer le jeu<br \/>\nt\u00e9l\u00e9vis\u00e9.<\/p>\n<p>Apr\u00e8s avoir d\u00e9but\u00e9 sur les cha\u00eenes musicales et dans des<br \/>\n\u00e9missions de <strong>radio<\/strong>, il a rapidement pris la t\u00eate<br \/>\nde programmes populaires comme <a href=\"https:\/\/www.closermag.fr\/tv_tele_realite\/anny-duperey-mise-a-lecart-et-furieuse-contre-dals-pousser-les-vieux-3608663\" target=\"_blank\" rel=\"noopener\"><br \/>\nDanse avec les stars<\/a>,<br \/>\nMask Singer ou encore<br \/>\nQui veut gagner des millions<br \/>\n?, consolidant ainsi sa place parmi les animateurs les plus en<br \/>\nvue de sa g\u00e9n\u00e9ration.<\/p>\n<p>Une \u00e9mission innovante qui<br \/>\nbouscule les codes<\/p>\n<p data-start=\"213\" data-end=\"785\">Selon T\u00e9l\u00e9 Magazine, l\u2019animateur a pris les commandes<br \/>\nde Qui sera le plus nul ?,<br \/>\nun jeu adapt\u00e9 d\u2019un format norv\u00e9gien o\u00f9 des c\u00e9l\u00e9brit\u00e9s retournent<br \/>\nsur les bancs de l\u2019\u00e9cole pour \u00e9viter de d\u00e9crocher le troph\u00e9e. Il a<br \/>\nconfi\u00e9 : \u00ab\u00a0Oui, je trouve que c&rsquo;est un <strong>programme tr\u00e8s<br \/>\nnovateur<\/strong>, encore plus pour TF1. On ne va pas se mentir,<br \/>\nc&rsquo;est quelque chose qu&rsquo;on n&rsquo;a pas l&rsquo;habitude de voir dans la<br \/>\nnarration, la mise en sc\u00e8ne et la r\u00e9alisation, d&rsquo;extr\u00eamement<br \/>\naudacieux, et j&rsquo;aurais \u00e9t\u00e9 d\u00e9\u00e7u de ne pas en faire partie. Je suis<br \/>\nhyper heureux. On a eu quartier libre pour s&rsquo;amuser\u00a0\u00bb.<\/p>\n<p data-start=\"787\" data-end=\"1361\">Le casting a \u00e9galement \u00e9t\u00e9<br \/>\npens\u00e9 pour surprendre et d\u00e9stabiliser. \u00ab\u00a0On a un <strong>casting<br \/>\ndisruptif et inattendu<\/strong> ! Qui aurait cru qu&rsquo;on mettrait<br \/>\ndans une m\u00eame salle de classe <a href=\"https:\/\/www.closermag.fr\/mode\/cannes-2025-nabilla-sincline-devant-le-protocole-sa-poitrine-beaucoup-moins-3547363\" target=\"_blank\" rel=\"noopener\"><br \/>\nNabilla<\/a>, JoeyStarr et l&rsquo;humoriste Paul de Saint Sernin ?\u00a0\u00bb<br \/>\nexplique-t-il. Selon lui, Qui<br \/>\nsera le plus nul ? cherche \u00e0 valoriser diff\u00e9rents types<br \/>\nd\u2019intelligence : \u00ab\u00a0Pour de multiples raisons, certains d&rsquo;entre<br \/>\neux n&rsquo;ont pas eu un cursus d&rsquo;\u00e9tudes long, mais les leurs sont<br \/>\ndiff\u00e9rentes. On a essay\u00e9 d&rsquo;\u00eatre positif et sympa sur ce point tout<br \/>\nau long du programme, par \u00e9gard aussi pour les<br \/>\nt\u00e9l\u00e9spectateurs\u00a0\u00bb.<\/p>\n<p>Camille Combal : un r\u00f4le d\u2019animateur entre p\u00e9dagogie et<br \/>\ndivertissement<\/p>\n<p data-start=\"1429\" data-end=\"2054\">Dans ce jeu, il endosse le<br \/>\nr\u00f4le de professeur, mais sans pour autant jouer un personnage :<br \/>\n\u00ab\u00a0Je re\u00e7ois les candidats, j&rsquo;ai vraiment un r\u00f4le d&rsquo;animateur.<br \/>\nEux se mettent dans la peau d&rsquo;\u00e9l\u00e8ves, donc j&rsquo;endosse par la force<br \/>\ndes choses le statut de professeur, mais je ne remplace pas<br \/>\n<a href=\"https:\/\/www.closermag.fr\/people\/qu-avec-des-gros-c-gerard-klein-cash-sur-ses-beuveries-1706783\" target=\"_blank\" rel=\"noopener\"><br \/>\nG\u00e9rard Klein<\/a> dans L&rsquo;instit !\u00a0\u00bb souligne-t-il \u00e0<br \/>\nT\u00e9l\u00e9 Magazine. Inspir\u00e9<br \/>\npar sa propre exp\u00e9rience familiale et Montessori, il pr\u00e9cise :<br \/>\n\u00ab\u00a0<strong>Mon fils est en \u00e9cole Montessori<\/strong>. J&rsquo;ai donc<br \/>\nfait une animation Montessori, tout simplement ! On accueille, on<br \/>\ndialogue, on comprend. Il y a des \u00e9motions, il faut les g\u00e9rer, mais<br \/>\non les laisse appara\u00eetre\u00a0\u00bb.<\/p>\n<p data-start=\"2056\" data-end=\"2481\">L\u2019\u00e9mission ne se limite pas \u00e0<br \/>\nla <strong>culture g\u00e9n\u00e9rale<\/strong>. Les participants doivent<br \/>\naussi faire preuve de logique, d\u2019observation et de sens pratique \u00e0<br \/>\ntravers des \u00e9preuves vari\u00e9es : questionnaires \u00e0 choix multiples,<br \/>\ncommentaires d\u2019images, d\u00e9fis d\u2019agilit\u00e9 ou orthographiques.<\/p>\n","protected":false},"excerpt":{"rendered":"Camille Combal s\u2019est impos\u00e9 comme l\u2019une des figures incontournables du paysage audiovisuel fran\u00e7ais. Animateur, chroniqueur et humoriste, il&hellip;\n","protected":false},"author":2,"featured_media":617826,"comment_status":"","ping_status":"","sticky":false,"template":"","format":"standard","meta":{"footnotes":""},"categories":[1356],"tags":[21303,193,58,59,1011,27,70426,252,1364],"class_list":{"0":"post-617825","1":"post","2":"type-post","3":"status-publish","4":"format-standard","5":"has-post-thumbnail","7":"category-television","8":"tag-buzz_nonli","9":"tag-camille-combal","10":"tag-divertissement","11":"tag-entertainment","12":"tag-fr","13":"tag-france","14":"tag-marfeel_news","15":"tag-television","16":"tag-tv"},"share_on_mastodon":{"url":"https:\/\/pubeurope.com\/@fr\/115768842309670999","error":""},"_links":{"self":[{"href":"https:\/\/www.europesays.com\/fr\/wp-json\/wp\/v2\/posts\/617825","targetHints":{"allow":["GET"]}}],"collection":[{"href":"https:\/\/www.europesays.com\/fr\/wp-json\/wp\/v2\/posts"}],"about":[{"href":"https:\/\/www.europesays.com\/fr\/wp-json\/wp\/v2\/types\/post"}],"author":[{"embeddable":true,"href":"https:\/\/www.europesays.com\/fr\/wp-json\/wp\/v2\/users\/2"}],"replies":[{"embeddable":true,"href":"https:\/\/www.europesays.com\/fr\/wp-json\/wp\/v2\/comments?post=617825"}],"version-history":[{"count":0,"href":"https:\/\/www.europesays.com\/fr\/wp-json\/wp\/v2\/posts\/617825\/revisions"}],"wp:featuredmedia":[{"embeddable":true,"href":"https:\/\/www.europesays.com\/fr\/wp-json\/wp\/v2\/media\/617826"}],"wp:attachment":[{"href":"https:\/\/www.europesays.com\/fr\/wp-json\/wp\/v2\/media?parent=617825"}],"wp:term":[{"taxonomy":"category","embeddable":true,"href":"https:\/\/www.europesays.com\/fr\/wp-json\/wp\/v2\/categories?post=617825"},{"taxonomy":"post_tag","embeddable":true,"href":"https:\/\/www.europesays.com\/fr\/wp-json\/wp\/v2\/tags?post=617825"}],"curies":[{"name":"wp","href":"https:\/\/api.w.org\/{rel}","templated":true}]}}