{"id":617827,"date":"2025-12-23T12:18:11","date_gmt":"2025-12-23T12:18:11","guid":{"rendered":"https:\/\/www.europesays.com\/fr\/617827\/"},"modified":"2025-12-23T12:18:11","modified_gmt":"2025-12-23T12:18:11","slug":"all-i-want-for-christmas-is-you-nest-plus-la-chanson-de-noel-la-plus-ecoutee-en-2025-voici-qui-a-detrone-mariah-carey","status":"publish","type":"post","link":"https:\/\/www.europesays.com\/fr\/617827\/","title":{"rendered":"\u00ab\u00a0All I Want For Christmas Is You\u00a0\u00bb n&rsquo;est plus la chanson de No\u00ebl la plus \u00e9cout\u00e9e en 2025, voici qui a d\u00e9tr\u00f4n\u00e9 Mariah Carey"},"content":{"rendered":"<p class=\"article-p mdl\">La\u00a0<a class=\"link\" href=\"https:\/\/www.rtl.fr\/culture\/medias-people\/it-s-time-mariah-carey-lance-officiellement-la-saison-de-noel-2025-7900561256\" target=\"_blank\" rel=\"noopener\">reine de No\u00ebl<\/a>\u00a0n&rsquo;est plus. Depuis 1994, Mariah Carey r\u00e8gne sur les \u00e9coutes musicales durant la p\u00e9riode de l&rsquo;Avent avec son titre culte All I Want For Christmas Is You. Mais \u00e7a, c&rsquo;\u00e9tait avant. En ce mois de d\u00e9cembre 2025, la popstar a \u00e9t\u00e9 d\u00e9tr\u00f4n\u00e9e par une autre chanteuse. On ne va pas l\u00e9siner sur les termes, c&rsquo;est un petit s\u00e9isme dans le monde de la musique.<\/p>\n<p class=\"article-p mdl\">Depuis 31 ans, les m\u00eames clochettes, le m\u00eame refrain. Chaque ann\u00e9e,\u00a0All I Want For Christmas Is You\u00a0s&rsquo;impose comme l&rsquo;hymne absolu de No\u00ebl au point de rapporter \u00e0 la diva\u00a0<a class=\"link\" href=\"https:\/\/www.rtl.fr\/culture\/musique\/all-i-want-for-christmas-combien-gagne-mariah-carey-grace-a-ce-tube-de-noel-7900447237\" target=\"_blank\" rel=\"noopener\">plus de 8.000 dollars par jour<\/a>\u00a0pendant la p\u00e9riode des f\u00eates. Mais cette ann\u00e9e, un bonhomme de neige lui vole la vedette.\u00a0<\/p>\n<p class=\"article-p mdl\">Snowman de la chanteuse australienne\u00a0<a class=\"link\" href=\"https:\/\/www.rtl.fr\/culture\/medias-people\/divorce-de-sia-son-ex-mari-reclame-250-000-dollars-par-mois-pour-maintenir-un-style-de-vie-superieur-7900553390\" target=\"_blank\" rel=\"noopener\">Sia<\/a>\u00a0prend la premi\u00e8re place du classement des chansons de No\u00ebl les plus \u00e9cout\u00e9es dans le monde pendant la p\u00e9riode des f\u00eates cette ann\u00e9e, comme le souligne un communiqu\u00e9 de Spotify envoy\u00e9 \u00e0 RTL. 8 ans apr\u00e8s sa sortie, le titre d\u00e9passe largement le milliard d&rsquo;\u00e9coutes sur Spotify, relayant Mariah Carey \u00e0 la deuxi\u00e8me place pour ce No\u00ebl 2025.\u00a0<\/p>\n<\/p>\n<p>La suite du classement<\/p>\n<p class=\"article-p mdl\">Le reste du top 5 se compose de classiques qui sentent bon le sapin. La troisi\u00e8me marche du podium est occup\u00e9e par Last Christmas du groupe Wham!, suivi de Let It Snow ! Let It Snow ! de Dean Martin. Et enfin It\u2019s the Most Wonderful Time of the Year d\u2019Andy Williams.<\/p>\n<p class=\"article-p mdl\">Dans l\u2019Hexagone, No\u00ebl \u00e0 son roi national : il s&rsquo;appelle <strong>Gaspard Royant<\/strong>. Si son titre Christmas Is Back In Town est sorti il y a 10 ans, il gagne le c\u0153ur des Fran\u00e7ais il y a 2 ans, gr\u00e2ce \u00e0 son utilisation dans une publicit\u00e9.\u00a0Entre le 1\u1d49\u02b3 et le 14 d\u00e9cembre, cette chanson\u00a0s\u2019impose comme\u00a0le titre de No\u00ebl le plus \u00e9cout\u00e9 en France, suivi de pr\u00e8s par les incontournables\u00a0Petit Papa No\u00ebl ou encore\u00a0Vive le vent.<\/p>\n<p class=\"article-p mdl\">Ce n&rsquo;est pas la premi\u00e8re fois que Mariah Carey est d\u00e9tr\u00f4n\u00e9e.\u00a0All I Want For Christmas Is You\u00a0l&rsquo;a \u00e9t\u00e9 bri\u00e8vement en 2023 par\u00a0Last Christmas\u00a0de Wham! Mais que la reine de No\u00ebl se rassure : avec plus de deux milliards d&rsquo;\u00e9coutes, son hit plan\u00e9taire reste de loin le titre de No\u00ebl le plus stream\u00e9 de tous les temps.<\/p>\n<p>    La r\u00e9daction vous recommande<\/p>\n<p class=\"s-newsletter__title\">\n                L\u2019actualit\u00e9 par la r\u00e9daction de RTL dans votre bo\u00eete mail.\n            <\/p>\n<p class=\"s-newsletter__subtitle\">\n                Gr\u00e2ce \u00e0 votre compte RTL abonnez-vous \u00e0 la newsletter RTL info pour suivre toute l&rsquo;actualit\u00e9 au quotidien\n            <\/p>\n<p>\n                                    Lire la suite\n                                <\/p>\n","protected":false},"excerpt":{"rendered":"La\u00a0reine de No\u00ebl\u00a0n&rsquo;est plus. Depuis 1994, Mariah Carey r\u00e8gne sur les \u00e9coutes musicales durant la p\u00e9riode de l&rsquo;Avent&hellip;\n","protected":false},"author":2,"featured_media":617828,"comment_status":"","ping_status":"","sticky":false,"template":"","format":"standard","meta":{"footnotes":""},"categories":[1355],"tags":[1695,58,59,107,1011,27,34115,1361,873,15830],"class_list":{"0":"post-617827","1":"post","2":"type-post","3":"status-publish","4":"format-standard","5":"has-post-thumbnail","7":"category-musique","8":"tag-chanson","9":"tag-divertissement","10":"tag-entertainment","11":"tag-fil-info","12":"tag-fr","13":"tag-france","14":"tag-mariah-carey","15":"tag-music","16":"tag-musique","17":"tag-noel"},"share_on_mastodon":{"url":"https:\/\/pubeurope.com\/@fr\/115768846351038945","error":""},"_links":{"self":[{"href":"https:\/\/www.europesays.com\/fr\/wp-json\/wp\/v2\/posts\/617827","targetHints":{"allow":["GET"]}}],"collection":[{"href":"https:\/\/www.europesays.com\/fr\/wp-json\/wp\/v2\/posts"}],"about":[{"href":"https:\/\/www.europesays.com\/fr\/wp-json\/wp\/v2\/types\/post"}],"author":[{"embeddable":true,"href":"https:\/\/www.europesays.com\/fr\/wp-json\/wp\/v2\/users\/2"}],"replies":[{"embeddable":true,"href":"https:\/\/www.europesays.com\/fr\/wp-json\/wp\/v2\/comments?post=617827"}],"version-history":[{"count":0,"href":"https:\/\/www.europesays.com\/fr\/wp-json\/wp\/v2\/posts\/617827\/revisions"}],"wp:featuredmedia":[{"embeddable":true,"href":"https:\/\/www.europesays.com\/fr\/wp-json\/wp\/v2\/media\/617828"}],"wp:attachment":[{"href":"https:\/\/www.europesays.com\/fr\/wp-json\/wp\/v2\/media?parent=617827"}],"wp:term":[{"taxonomy":"category","embeddable":true,"href":"https:\/\/www.europesays.com\/fr\/wp-json\/wp\/v2\/categories?post=617827"},{"taxonomy":"post_tag","embeddable":true,"href":"https:\/\/www.europesays.com\/fr\/wp-json\/wp\/v2\/tags?post=617827"}],"curies":[{"name":"wp","href":"https:\/\/api.w.org\/{rel}","templated":true}]}}