{"id":617832,"date":"2025-12-23T12:21:17","date_gmt":"2025-12-23T12:21:17","guid":{"rendered":"https:\/\/www.europesays.com\/fr\/617832\/"},"modified":"2025-12-23T12:21:17","modified_gmt":"2025-12-23T12:21:17","slug":"le-selectionneur-du-mali-fustige-la-liberation-tardive-des-joueurs-et-demande-du-respect-pour-lafrique","status":"publish","type":"post","link":"https:\/\/www.europesays.com\/fr\/617832\/","title":{"rendered":"Le s\u00e9lectionneur du Mali fustige la lib\u00e9ration tardive des joueurs et demande du respect pour l\u2019Afrique"},"content":{"rendered":"<p>Le s\u00e9lectionneur du Mali, Tom Saintfiet, avait des choses \u00e0 dire apr\u00e8s le match nul de son \u00e9quipe contre la Zambie (1-1) pour <a href=\"https:\/\/www.20minutes.fr\/sport\/can\/\" class=\"c-link c-link--is-underlined\" target=\"_blank\" rel=\"noopener\">son entame de Coupe d&rsquo;Afrique des Nations<\/a>, lundi. L\u2019entra\u00eeneur belge a profit\u00e9 de l\u2019occasion pour <a href=\"https:\/\/www.20minutes.fr\/sport\/football\/4192113-20251218-coupe-monde-2026-supporteurs-senegal-cote-ivoire-reellement-prives-mondial-donald-trump\" class=\"c-link c-link--is-underlined\" target=\"_blank\" rel=\"noopener\">passer une soufflante \u00e0 la Fifa<\/a> sur la question de <a href=\"https:\/\/www.20minutes.fr\/sport\/football\/4189501-20251210-can-2025-puissants-europeens-gain-cause-galere-selections-africaines-preparer-tournoi\" class=\"c-link c-link--is-underlined\" target=\"_blank\" rel=\"noopener\">la mise \u00e0 disposition tardive<\/a> &#8211; pour ne pas dire de derni\u00e8re minute &#8211; des joueurs africains par leurs clubs.<\/p>\n<\/p>\n<p>\u00ab\u00a0La FIFA a d\u00e9cid\u00e9 que les joueurs doivent jouer leur dernier match six ou sept jours avant un grand tournoi, a ainsi rappel\u00e9 Tom Saintfiet au micro de Canal +\u00a0Afrique. Deux de mes joueurs se sont bless\u00e9s lors de leurs derniers matchs. C\u2019est le cas de Sikou Niakat\u00e9 avec Braga et d\u2019Hamari Traor\u00e9 avec le Paris FC. Merci \u00e0 la FIFA pour \u00e7a. Ils ne sont pas disponibles pour quelques semaines et je ne sais pas s\u2019ils seront l\u00e0 pour le deuxi\u00e8me match. Mais si on reste longtemps dans le tournoi ils pourront jouer.\u00a0\u00bb<\/p>\n<p>\u00ab\u00a0Il faut respecter l\u2019Afrique\u00a0\u00bb<\/p>\n<p>Pour y parvenir, les Maliens devront a minima battre les Comores lors de leur dernier match de poules, o\u00f9 r\u00e9aliser avant \u00e7a un exploit contre le Maroc, ce vendredi. En cas d\u2019\u00e9chec, le Mali devra attendre deux ans pour retenter sa chance. Une p\u00e9riodicit\u00e9 amen\u00e9e \u00e0 changer \u00e0 partir de\u00a02028 <a href=\"https:\/\/www.sofoot.com\/breves\/walid-regragui-donne-son-avis-sur-lorganisation-de-la-can-tous-les-4-ans\" rel=\"nofollow noopener\" target=\"_blank\" class=\"c-link c-link--is-underlined\">selon le nouveau calendrier quadriennal de la CAN<\/a>.<\/p>\n<p>Une autre d\u00e9cision critiqu\u00e9e par le Belge. \u00ab\u00a0Depuis\u00a01957, l\u2019Afrique organise la CAN tous les deux ans. Mais ils disent maintenant qu\u2019elle aura lieu tous les quatre ans. Ce n\u2019est pas normal. Il faut respecter l\u2019Afrique.\u00a0\u00bb<\/p>\n","protected":false},"excerpt":{"rendered":"Le s\u00e9lectionneur du Mali, Tom Saintfiet, avait des choses \u00e0 dire apr\u00e8s le match nul de son \u00e9quipe&hellip;\n","protected":false},"author":2,"featured_media":617833,"comment_status":"","ping_status":"","sticky":false,"template":"","format":"standard","meta":{"footnotes":""},"categories":[9],"tags":[879,70538,63,1011,27,1136,1062,517,60],"class_list":{"0":"post-617832","1":"post","2":"type-post","3":"status-publish","4":"format-standard","5":"has-post-thumbnail","7":"category-sports","8":"tag-afrique","9":"tag-can-2025","10":"tag-football","11":"tag-fr","12":"tag-france","13":"tag-mali","14":"tag-polemique","15":"tag-sport","16":"tag-sports"},"share_on_mastodon":{"url":"https:\/\/pubeurope.com\/@fr\/115768858001312366","error":""},"_links":{"self":[{"href":"https:\/\/www.europesays.com\/fr\/wp-json\/wp\/v2\/posts\/617832","targetHints":{"allow":["GET"]}}],"collection":[{"href":"https:\/\/www.europesays.com\/fr\/wp-json\/wp\/v2\/posts"}],"about":[{"href":"https:\/\/www.europesays.com\/fr\/wp-json\/wp\/v2\/types\/post"}],"author":[{"embeddable":true,"href":"https:\/\/www.europesays.com\/fr\/wp-json\/wp\/v2\/users\/2"}],"replies":[{"embeddable":true,"href":"https:\/\/www.europesays.com\/fr\/wp-json\/wp\/v2\/comments?post=617832"}],"version-history":[{"count":0,"href":"https:\/\/www.europesays.com\/fr\/wp-json\/wp\/v2\/posts\/617832\/revisions"}],"wp:featuredmedia":[{"embeddable":true,"href":"https:\/\/www.europesays.com\/fr\/wp-json\/wp\/v2\/media\/617833"}],"wp:attachment":[{"href":"https:\/\/www.europesays.com\/fr\/wp-json\/wp\/v2\/media?parent=617832"}],"wp:term":[{"taxonomy":"category","embeddable":true,"href":"https:\/\/www.europesays.com\/fr\/wp-json\/wp\/v2\/categories?post=617832"},{"taxonomy":"post_tag","embeddable":true,"href":"https:\/\/www.europesays.com\/fr\/wp-json\/wp\/v2\/tags?post=617832"}],"curies":[{"name":"wp","href":"https:\/\/api.w.org\/{rel}","templated":true}]}}