{"id":617840,"date":"2025-12-23T12:25:12","date_gmt":"2025-12-23T12:25:12","guid":{"rendered":"https:\/\/www.europesays.com\/fr\/617840\/"},"modified":"2025-12-23T12:25:12","modified_gmt":"2025-12-23T12:25:12","slug":"greta-thunberg-arretee-lors-dune-manifestation-pro-palestinienne-a-londres","status":"publish","type":"post","link":"https:\/\/www.europesays.com\/fr\/617840\/","title":{"rendered":"Greta Thunberg arr\u00eat\u00e9e lors d\u2019une manifestation pro-palestinienne \u00e0 Londres"},"content":{"rendered":"<p>\n    L\u2019association Defend Our Injuries a pr\u00e9cis\u00e9 que la militante avait \u00e9t\u00e9 arr\u00eat\u00e9e en vertu de la loi antiterroriste lors de la manifestation \u00abPrisonniers pour la Palestine\u00bb dans la capitale britannique.<\/p>\n<p class=\"fig-paragraph\">La militante su\u00e9doise pour le climat\u00a0<a href=\"http:\/\/www.lefigaro.fr\/secteur\/high-tech\/pour-le-milliardaire-peter-thiel-greta-thunberg-et-les-anti-ia-sont-les-antechrist-de-notre-epoque-20251011\" data-fig-type=\"NewsFlash\" data-gtm-custom-categorie=\"navigation\" data-gtm-custom-action=\"crossclick\" data-gtm-custom-label=\"Contextuel\" data-gtm-event=\"customEventSPE\" data-fig-domain=\"LEFIGARO\" target=\"_blank\" rel=\"noopener\">Greta Thunberg<\/a>\u00a0a \u00e9t\u00e9 arr\u00eat\u00e9e mardi \u00e0\u00a0<a href=\"http:\/\/www.lefigaro.fr\/culture\/banksy-revendique-une-nouvelle-oeuvre-murale-a-londres-20251223\" data-fig-type=\"NewsFlash\" data-gtm-custom-categorie=\"navigation\" data-gtm-custom-action=\"crossclick\" data-gtm-custom-label=\"Contextuel\" data-gtm-event=\"customEventSPE\" data-fig-domain=\"LEFIGARO\" target=\"_blank\" rel=\"noopener\">Londres<\/a>\u00a0lors d\u2019une manifestation en soutien au groupe proscrit Palestine Action, ont annonc\u00e9 dans des communiqu\u00e9s les associations Defend Our Juries et Prisoners for Palestine.<\/p>\n<p class=\"fig-paragraph\">\u00abGreta Thunberg tenait une pancarte sur laquelle on pouvait lire\u00a0: \u00ab\u00a0Je soutiens les prisonniers de Palestine Action. Je m\u2019oppose au g\u00e9nocide\u00a0\u00bb\u00bb, a soulign\u00e9 un porte-parole de Defend Our Juries, pr\u00e9cisant que la militante avait \u00ab\u00e9t\u00e9 arr\u00eat\u00e9e en vertu de la loi antiterroriste\u00bb britannique.<\/p>\n<p>                                            <a class=\"fig-a11y-skip\" href=\"#fig-a11y-skip-main-inarticle\" data-module=\"a11y-skip\" data-context=\"was @visible\"><br \/>\n    Passer la publicit\u00e9<br \/>\n<\/a>            <\/p>\n<p class=\"fig-paragraph\">Palestine Action a \u00e9t\u00e9 ajout\u00e9e d\u00e9but juillet \u00e0 la liste des organisations consid\u00e9r\u00e9es comme \u00abterroristes\u00bb au Royaume-Uni, apr\u00e8s des actes de vandalisme perp\u00e9tr\u00e9s par ses militants, dont certains sont en d\u00e9tention et ont d\u00e9but\u00e9 une gr\u00e8ve de la faim. Tout soutien \u00e0 l\u2019organisation est passible de jusqu\u2019\u00e0 6 mois de prison.<\/p>\n","protected":false},"excerpt":{"rendered":"L\u2019association Defend Our Injuries a pr\u00e9cis\u00e9 que la militante avait \u00e9t\u00e9 arr\u00eat\u00e9e en vertu de la loi antiterroriste&hellip;\n","protected":false},"author":2,"featured_media":617841,"comment_status":"","ping_status":"","sticky":false,"template":"","format":"standard","meta":{"footnotes":""},"categories":[5],"tags":[11,1011,27,26418,14,4534,12,3518,473,28],"class_list":{"0":"post-617840","1":"post","2":"type-post","3":"status-publish","4":"format-standard","5":"has-post-thumbnail","7":"category-international","8":"tag-actualites","9":"tag-fr","10":"tag-france","11":"tag-greta-thunberg","12":"tag-international","13":"tag-londres","14":"tag-news","15":"tag-palestine","16":"tag-royaume-uni","17":"tag-world"},"share_on_mastodon":{"url":"https:\/\/pubeurope.com\/@fr\/115768873791738995","error":""},"_links":{"self":[{"href":"https:\/\/www.europesays.com\/fr\/wp-json\/wp\/v2\/posts\/617840","targetHints":{"allow":["GET"]}}],"collection":[{"href":"https:\/\/www.europesays.com\/fr\/wp-json\/wp\/v2\/posts"}],"about":[{"href":"https:\/\/www.europesays.com\/fr\/wp-json\/wp\/v2\/types\/post"}],"author":[{"embeddable":true,"href":"https:\/\/www.europesays.com\/fr\/wp-json\/wp\/v2\/users\/2"}],"replies":[{"embeddable":true,"href":"https:\/\/www.europesays.com\/fr\/wp-json\/wp\/v2\/comments?post=617840"}],"version-history":[{"count":0,"href":"https:\/\/www.europesays.com\/fr\/wp-json\/wp\/v2\/posts\/617840\/revisions"}],"wp:featuredmedia":[{"embeddable":true,"href":"https:\/\/www.europesays.com\/fr\/wp-json\/wp\/v2\/media\/617841"}],"wp:attachment":[{"href":"https:\/\/www.europesays.com\/fr\/wp-json\/wp\/v2\/media?parent=617840"}],"wp:term":[{"taxonomy":"category","embeddable":true,"href":"https:\/\/www.europesays.com\/fr\/wp-json\/wp\/v2\/categories?post=617840"},{"taxonomy":"post_tag","embeddable":true,"href":"https:\/\/www.europesays.com\/fr\/wp-json\/wp\/v2\/tags?post=617840"}],"curies":[{"name":"wp","href":"https:\/\/api.w.org\/{rel}","templated":true}]}}