{"id":617847,"date":"2025-12-23T12:29:12","date_gmt":"2025-12-23T12:29:12","guid":{"rendered":"https:\/\/www.europesays.com\/fr\/617847\/"},"modified":"2025-12-23T12:29:12","modified_gmt":"2025-12-23T12:29:12","slug":"un-nouveau-candidat-a-saint-etienne","status":"publish","type":"post","link":"https:\/\/www.europesays.com\/fr\/617847\/","title":{"rendered":"un nouveau candidat \u00e0 Saint-Etienne"},"content":{"rendered":"<p>                    Par<br \/>\n        <strong><br \/>\n            <a href=\"https:\/\/actu.fr\/auteur\/mathias-souteyrat\" title=\"Consulter tous les articles de Mathias Souteyrat\" target=\"_blank\" rel=\"noopener\">Mathias Souteyrat<\/a><br \/>\n                    <\/strong><\/p>\n<p>        Publi\u00e9 le<\/p>\n<p>            23 d\u00e9c. 2025 \u00e0 12h31        <\/p>\n<p>Celui qui devait prendre la succession du <a href=\"https:\/\/actu.fr\/auvergne-rhone-alpes\/saint-etienne_42218\/saint-etienne-condamnation-de-perdriau-voici-le-candidat-de-la-majorite-pour-devenir-maire_63516363.html\" target=\"_blank\" rel=\"noopener\">condamn\u00e9 et d\u00e9missionnaire Ga\u00ebl Perdriau<\/a> (mais qui ne l\u2019a finalement pas \u00e9t\u00e9, Jean-Pierre Berger \u00e9tant \u00e9lu) devrait bien briguer le poste \u00e0 la loyale lors des \u00e9lections municipales 2026 \u00e0 <a href=\"https:\/\/actu.fr\/auvergne-rhone-alpes\/saint-etienne_42218\" target=\"_blank\" rel=\"noopener\">Saint-Etienne<\/a>.\u00a0<\/p>\n<p>Une conf\u00e9rence de presse ce mardi<\/p>\n<p class=\" wall-content\">Marc Chassaub\u00e9n\u00e9 est adjoint en charge de la culture et du design \u00e0 la mairie depuis 2014 et et vice-pr\u00e9sident de Saint-\u00c9tienne M\u00e9tropole. Il est actuellement <strong>premier adjoint<\/strong> \u00e0 la suite des nouvelles \u00e9lections de d\u00e9cembre 2025.<\/p>\n<p class=\" wall-content\">Selon <a href=\"https:\/\/www.leprogres.fr\/elections\/2025\/12\/22\/municipales-2026-marc-chassaubene-devrait-annoncer-sa-candidature-ce-mardi\" target=\"_blank\" rel=\"noopener\">Le Progr\u00e8s<\/a>, le premier adjoint va tenir une conf\u00e9rence de presse ce mardi matin, dans un caf\u00e9 de la place Jean-Jaur\u00e8s pour probablement annoncer qu\u2019il briguera la mairie aux municipales.\u00a0<\/p>\n<p class=\" wall-content\">Personnalisez votre actualit\u00e9 en ajoutant vos villes et m\u00e9dias en favori avec <a href=\"https:\/\/moncompte.actu.fr\" title=\"D\u00e9couvez Mon Actu\" rel=\"nofollow noopener\" data-trk=\"{&quot;cta&quot;:{&quot;action&quot;:&quot;https:\\\/\\\/moncompte.actu.fr&quot;,&quot;category&quot;:&quot;mon compte&quot;,&quot;from&quot;:&quot;article footer&quot;,&quot;name&quot;:&quot;Mon actu&quot;,&quot;type&quot;:&quot;cta&quot;}}\" target=\"_blank\">Mon Actu<\/a>.<\/p>\n","protected":false},"excerpt":{"rendered":"Par Mathias Souteyrat Publi\u00e9 le 23 d\u00e9c. 2025 \u00e0 12h31 Celui qui devait prendre la succession du condamn\u00e9&hellip;\n","protected":false},"author":2,"featured_media":617848,"comment_status":"","ping_status":"","sticky":false,"template":"","format":"standard","meta":{"footnotes":""},"categories":[9653],"tags":[1111,11,2430,4188,1777,674,1011,27,12242,3434,12,316,25,4001],"class_list":{"0":"post-617847","1":"post","2":"type-post","3":"status-publish","4":"format-standard","5":"has-post-thumbnail","7":"category-saint-etienne","8":"tag-actu","9":"tag-actualites","10":"tag-auvergne-rhone-alpes","11":"tag-elections-municipales","12":"tag-eu","13":"tag-europe","14":"tag-fr","15":"tag-france","16":"tag-gael-perdriau","17":"tag-municipales-2026","18":"tag-news","19":"tag-politique","20":"tag-republique-francaise","21":"tag-saint-etienne"},"share_on_mastodon":{"url":"https:\/\/pubeurope.com\/@fr\/115768889561656274","error":""},"_links":{"self":[{"href":"https:\/\/www.europesays.com\/fr\/wp-json\/wp\/v2\/posts\/617847","targetHints":{"allow":["GET"]}}],"collection":[{"href":"https:\/\/www.europesays.com\/fr\/wp-json\/wp\/v2\/posts"}],"about":[{"href":"https:\/\/www.europesays.com\/fr\/wp-json\/wp\/v2\/types\/post"}],"author":[{"embeddable":true,"href":"https:\/\/www.europesays.com\/fr\/wp-json\/wp\/v2\/users\/2"}],"replies":[{"embeddable":true,"href":"https:\/\/www.europesays.com\/fr\/wp-json\/wp\/v2\/comments?post=617847"}],"version-history":[{"count":0,"href":"https:\/\/www.europesays.com\/fr\/wp-json\/wp\/v2\/posts\/617847\/revisions"}],"wp:featuredmedia":[{"embeddable":true,"href":"https:\/\/www.europesays.com\/fr\/wp-json\/wp\/v2\/media\/617848"}],"wp:attachment":[{"href":"https:\/\/www.europesays.com\/fr\/wp-json\/wp\/v2\/media?parent=617847"}],"wp:term":[{"taxonomy":"category","embeddable":true,"href":"https:\/\/www.europesays.com\/fr\/wp-json\/wp\/v2\/categories?post=617847"},{"taxonomy":"post_tag","embeddable":true,"href":"https:\/\/www.europesays.com\/fr\/wp-json\/wp\/v2\/tags?post=617847"}],"curies":[{"name":"wp","href":"https:\/\/api.w.org\/{rel}","templated":true}]}}