{"id":617849,"date":"2025-12-23T12:30:30","date_gmt":"2025-12-23T12:30:30","guid":{"rendered":"https:\/\/www.europesays.com\/fr\/617849\/"},"modified":"2025-12-23T12:30:30","modified_gmt":"2025-12-23T12:30:30","slug":"le-gamefest-salon-de-la-pop-culture-a-nancy-naura-pas-lieu-en-2026","status":"publish","type":"post","link":"https:\/\/www.europesays.com\/fr\/617849\/","title":{"rendered":"Le Gamefest, salon de la pop culture \u00e0 Nancy, n\u2019aura pas lieu en 2026"},"content":{"rendered":"<p>C\u2019\u00e9tait depuis 2024 le rendez-vous incontournable des geeks et autres passionn\u00e9s de cosplay. Le Gamefest, convention install\u00e9e au parc des Expos de Vandoeuvre, n\u2019aura pas lieu en 2026. Les organisateurs viennent d\u2019annuler ce qui \u00e9tait la 3e \u00e9dition de ce salon d\u00e9di\u00e9 \u00e0 la pop <a href=\"https:\/\/www.lasemaine.fr\/category\/culture\/\" data-type=\"category\" data-id=\"5698\" target=\"_blank\" rel=\"noopener\">culture<\/a>. Ils \u00e9voquent ce qui les a conduits \u00e0 prendre une telle d\u00e9cision\u00a0: \u00ab\u00a0C\u2019est le c\u0153ur serr\u00e9 que nous sommes au regret de vous annoncer que le Gamefest <a href=\"https:\/\/www.lasemaine.fr\/lieu\/nancy\/\" data-slug=\"nancy\" data-name=\"Nancy\" data-type=\"location\" data-id=\"5697\" target=\"_blank\" rel=\"noopener\">Nancy<\/a> n\u2019aura pas lieu en 2026, en raison de plusieurs facteurs organisationnels et \u00e9conomiques qui ne permettent pas de garantir un \u00e9v\u00e9nement \u00e0 la hauteur ni de vos attentes, ni des n\u00f4tres\u00a0\u00bb.<\/p>\n<p>L\u2019\u00e9dition de 2025 avait attir\u00e9 plus de 6\u00a0000 personnes \u00e0 Nancy. Le Gamefest, outre la Lorraine, a eu plusieurs dates dans d\u2019autres secteurs en 2025, \u00e0 Charleville-M\u00e9zi\u00e8res, \u00e0 Strasbourg et \u00e0 Saint-\u00c9tienne. En 2026, il aura toujours lieu dans la ville des Ardennes\u00a0: \u00ab\u00a0Le Gamefest Charleville est maintenu \u00e0 ses dates initiales, les 11 et 12\u00a0avril 2026, annonce l\u2019organisation. Nous allons concentrer nos moyens et notre \u00e9nergie sur cet \u00e9v\u00e9nement, en attendant de meilleures perspectives\u00a0\u00bb.<\/p>\n","protected":false},"excerpt":{"rendered":"C\u2019\u00e9tait depuis 2024 le rendez-vous incontournable des geeks et autres passionn\u00e9s de cosplay. Le Gamefest, convention install\u00e9e au&hellip;\n","protected":false},"author":2,"featured_media":617850,"comment_status":"","ping_status":"","sticky":false,"template":"","format":"standard","meta":{"footnotes":""},"categories":[9635],"tags":[1111,11,1777,674,1011,27,775,1702,12,25],"class_list":{"0":"post-617849","1":"post","2":"type-post","3":"status-publish","4":"format-standard","5":"has-post-thumbnail","7":"category-nancy","8":"tag-actu","9":"tag-actualites","10":"tag-eu","11":"tag-europe","12":"tag-fr","13":"tag-france","14":"tag-grand-est","15":"tag-nancy","16":"tag-news","17":"tag-republique-francaise"},"share_on_mastodon":{"url":"https:\/\/pubeurope.com\/@fr\/115768893365990850","error":""},"_links":{"self":[{"href":"https:\/\/www.europesays.com\/fr\/wp-json\/wp\/v2\/posts\/617849","targetHints":{"allow":["GET"]}}],"collection":[{"href":"https:\/\/www.europesays.com\/fr\/wp-json\/wp\/v2\/posts"}],"about":[{"href":"https:\/\/www.europesays.com\/fr\/wp-json\/wp\/v2\/types\/post"}],"author":[{"embeddable":true,"href":"https:\/\/www.europesays.com\/fr\/wp-json\/wp\/v2\/users\/2"}],"replies":[{"embeddable":true,"href":"https:\/\/www.europesays.com\/fr\/wp-json\/wp\/v2\/comments?post=617849"}],"version-history":[{"count":0,"href":"https:\/\/www.europesays.com\/fr\/wp-json\/wp\/v2\/posts\/617849\/revisions"}],"wp:featuredmedia":[{"embeddable":true,"href":"https:\/\/www.europesays.com\/fr\/wp-json\/wp\/v2\/media\/617850"}],"wp:attachment":[{"href":"https:\/\/www.europesays.com\/fr\/wp-json\/wp\/v2\/media?parent=617849"}],"wp:term":[{"taxonomy":"category","embeddable":true,"href":"https:\/\/www.europesays.com\/fr\/wp-json\/wp\/v2\/categories?post=617849"},{"taxonomy":"post_tag","embeddable":true,"href":"https:\/\/www.europesays.com\/fr\/wp-json\/wp\/v2\/tags?post=617849"}],"curies":[{"name":"wp","href":"https:\/\/api.w.org\/{rel}","templated":true}]}}