{"id":617851,"date":"2025-12-23T12:32:22","date_gmt":"2025-12-23T12:32:22","guid":{"rendered":"https:\/\/www.europesays.com\/fr\/617851\/"},"modified":"2025-12-23T12:32:22","modified_gmt":"2025-12-23T12:32:22","slug":"laure-murat-le-contre-monument-a-nancy-oblige-les-gens-a-se-desorienter-pour-mieux-se-reorienter","status":"publish","type":"post","link":"https:\/\/www.europesays.com\/fr\/617851\/","title":{"rendered":"Laure Murat\u00a0: \u00ab\u00a0Le contre-monument \u00e0 Nancy oblige les gens \u00e0 se d\u00e9sorienter pour mieux se r\u00e9orienter\u00a0\u00bb"},"content":{"rendered":"<p class=\"PopSlotParagraph qg-tx2 qg-xtra-lh svelte-1r0pyek\">Sur proposition du mus\u00e9e des Beaux-Arts de la ville, l\u2019\u00e9crivaine et journaliste Doroth\u00e9e-Myriam Kellou a imagin\u00e9 la Table de d\u00e9sorientation\u00a0pour interroger l\u2019h\u00e9ritage du pass\u00e9 colonial. Un disque de m\u00e9tal haut de 1,60\u00a0m\u00e8tre, gros miroir r\u00e9fl\u00e9chissant le monde alentour a \u00e9t\u00e9 install\u00e9 au pied de l\u2019\u00e9crasante statue du sergent Jean Pierre Hippolyte Blandan, figure militaire de la colonisation de l&rsquo;Alg\u00e9rie, tu\u00e9 au combat en\u00a01842.\u00a0Le flanc de m\u00e9tal est grav\u00e9 d\u2019un texte en forme d\u2019adresse. \u00ab\u00a0Qui es-tu\u00a0[sergent Blandan]\u00a0? Regardons dans le miroir mal poli de notre m\u00e9moire\u00a0\u00bb, \u00e9crit l\u2019autrice, Doroth\u00e9e-Myriam Kellou, journaliste et \u00e9crivaine, dont l\u2019histoire familiale franco-alg\u00e9rienne a nourri ce projet.\u00a0La proposition du contre-r\u00e9cit \u00e0 opposer aux statues coloniales controvers\u00e9es, en lieu et place des d\u00e9boulonnages est une grande premi\u00e8re en France.<\/p>\n<p class=\"PopSlotParagraph qg-tx2 qg-xtra-lh svelte-1r0pyek\">\u201cCe contre-monument, puisqu&rsquo;il s&rsquo;intitule comme cela, est une excellente sortie par le haut, pour \u00e0 la fois reconna\u00eetre la colonisation qui s&rsquo;est pass\u00e9e et protester contre l&rsquo;horreur de cette m\u00eame colonisation. Je trouve que c&rsquo;est une tr\u00e8s belle solution qui ne d\u00e9boulonne pas la statue. Moi-m\u00eame, je suis plut\u00f4t favorable au d\u00e9boulonnement de certaines statues, mais l\u00e0, il y a une inventivit\u00e9 par rapport \u00e0 l&rsquo;espace public qui oblige les gens \u00e0 se d\u00e9sorienter pour mieux se r\u00e9orienter. (&#8230;) C\u2019est une fa\u00e7on de faire de l&rsquo;histoire puisqu\u2019il y a cette expression \u201con ne refait pas l&rsquo;histoire\u201d, mais si, pr\u00e9cis\u00e9ment, on la refait tout le temps et c&rsquo;est bien pour \u00e7a qu&rsquo;elle est vivante et que c&rsquo;est int\u00e9ressant. Refaire l\u2019histoire ne veut pas dire qu&rsquo;on change les faits, mais c&rsquo;est d&rsquo;avoir un nouveau regard sur elle. (..) Il faut \u00eatre cr\u00e9atif avec ces questions plut\u00f4t que d&rsquo;\u00eatre forc\u00e9 d\u2019\u00e9viter, d\u2019\u00eatre n\u00e9gatif et de d\u00e9truire.\u201d<\/p>\n<p class=\"PopSlotParagraph qg-tx2 qg-xtra-lh svelte-1r0pyek\"><a href=\"https:\/\/editions-verdier.fr\/livre\/toutes-les-epoques-sont-degueulasses\/\" target=\"_blank\" rel=\"noopener noreferrer\" class=\"\" data-testid=\"link\"><strong>Laure Murat, Toutes les \u00e9poques sont d\u00e9gueulasses, R\u00e9(\u00e9)crire, sensibiliser, contextualiser<\/strong><\/a><strong>, \u00e9ditions Verdier.<\/strong><\/p>\n<p> Les br\u00e8ves du jour\u00a0:<\/p>\n<ul>\n<li><strong>D\u00e9mission du secr\u00e9taire permanent de l&rsquo;Acad\u00e9mie su\u00e9doise, qui attribue le prix Nobel de litt\u00e9rature\u00a0:<\/strong> l\u2019acad\u00e9mie su\u00e9doise a annonc\u00e9 samedi 20 d\u00e9cembre la d\u00e9mission de Mats Mam apr\u00e8s sept ans consacr\u00e9s \u00e0 redorer l\u2019image de l\u2019institution. Il avait pris ses fonctions en juin 2019, \u00e0 un moment o\u00f9 l&rsquo;Acad\u00e9mie su\u00e9doise, fond\u00e9e en 1786, \u00e9tait secou\u00e9e par plusieurs scandales. \u00c0 compter du 1er juin 2026, Ingrid\u00a0Carlberg, membre de l&rsquo;Acad\u00e9mie, auteure et journaliste, le remplacera au poste de secr\u00e9taire permanente.<\/li>\n<li><strong>L\u2019artiste britannique Banksy a revendiqu\u00e9 hier un nouveau pochoir apparu dans les rues de Londres\u00a0:<\/strong> sa nouvelle \u0153uvre repr\u00e9sente deux personnes, vraisemblablement des enfants, allong\u00e9es sur le dos et chaudement v\u00eatues de manteaux, bonnets et bottes. Toutes les deux regardent vers le ciel et l\u2019une d\u2019elles pointe quelque chose du doigt. L\u2019artiste, dont l\u2019identit\u00e9 est toujours myst\u00e9rieuse, en a revendiqu\u00e9 la paternit\u00e9 en postant une photo sur son compte Instagram mais n&rsquo;a en revanche rien dit d&rsquo;un pochoir identique apparu quelques kilom\u00e8tres plus loin.<\/li>\n<\/ul>\n","protected":false},"excerpt":{"rendered":"Sur proposition du mus\u00e9e des Beaux-Arts de la ville, l\u2019\u00e9crivaine et journaliste Doroth\u00e9e-Myriam Kellou a imagin\u00e9 la Table&hellip;\n","protected":false},"author":2,"featured_media":617852,"comment_status":"","ping_status":"","sticky":false,"template":"","format":"standard","meta":{"footnotes":""},"categories":[9635],"tags":[1111,11,1777,674,1011,27,775,1702,12,25],"class_list":{"0":"post-617851","1":"post","2":"type-post","3":"status-publish","4":"format-standard","5":"has-post-thumbnail","7":"category-nancy","8":"tag-actu","9":"tag-actualites","10":"tag-eu","11":"tag-europe","12":"tag-fr","13":"tag-france","14":"tag-grand-est","15":"tag-nancy","16":"tag-news","17":"tag-republique-francaise"},"share_on_mastodon":{"url":"https:\/\/pubeurope.com\/@fr\/115768901333883086","error":""},"_links":{"self":[{"href":"https:\/\/www.europesays.com\/fr\/wp-json\/wp\/v2\/posts\/617851","targetHints":{"allow":["GET"]}}],"collection":[{"href":"https:\/\/www.europesays.com\/fr\/wp-json\/wp\/v2\/posts"}],"about":[{"href":"https:\/\/www.europesays.com\/fr\/wp-json\/wp\/v2\/types\/post"}],"author":[{"embeddable":true,"href":"https:\/\/www.europesays.com\/fr\/wp-json\/wp\/v2\/users\/2"}],"replies":[{"embeddable":true,"href":"https:\/\/www.europesays.com\/fr\/wp-json\/wp\/v2\/comments?post=617851"}],"version-history":[{"count":0,"href":"https:\/\/www.europesays.com\/fr\/wp-json\/wp\/v2\/posts\/617851\/revisions"}],"wp:featuredmedia":[{"embeddable":true,"href":"https:\/\/www.europesays.com\/fr\/wp-json\/wp\/v2\/media\/617852"}],"wp:attachment":[{"href":"https:\/\/www.europesays.com\/fr\/wp-json\/wp\/v2\/media?parent=617851"}],"wp:term":[{"taxonomy":"category","embeddable":true,"href":"https:\/\/www.europesays.com\/fr\/wp-json\/wp\/v2\/categories?post=617851"},{"taxonomy":"post_tag","embeddable":true,"href":"https:\/\/www.europesays.com\/fr\/wp-json\/wp\/v2\/tags?post=617851"}],"curies":[{"name":"wp","href":"https:\/\/api.w.org\/{rel}","templated":true}]}}