{"id":617863,"date":"2025-12-23T12:38:20","date_gmt":"2025-12-23T12:38:20","guid":{"rendered":"https:\/\/www.europesays.com\/fr\/617863\/"},"modified":"2025-12-23T12:38:20","modified_gmt":"2025-12-23T12:38:20","slug":"a-sotteville-les-rouen-les-habitants-sont-excedes-des-coupures-internet","status":"publish","type":"post","link":"https:\/\/www.europesays.com\/fr\/617863\/","title":{"rendered":"\u00c0 Sotteville-l\u00e8s-Rouen, les habitants sont exc\u00e9d\u00e9s des coupures internet"},"content":{"rendered":"<p>\u00c0 Sotteville-l\u00e8s-Rouen, les habitants sont exc\u00e9d\u00e9s des coupures internetSur le m\u00eame sujet<a href=\"https:\/\/www.bfmtv.com\/international\/amerique-latine\/bresil\/video-bresil-le-camp-bolsonaro-appelle-au-boycott-de-la-marque-havaianas-a-cause-de-cette-publicite_VN-202512230436.html\" title=\"Br\u00e9sil: le camp Bolsonaro appelle au boycott de la marque Havaianas \u00e0 cause de cette publicit\u00e9 \" target=\"_blank\" rel=\"noopener\"><img width=\"16\" height=\"9\" class=\"lozad\"  alt=\"Br\u00e9sil: le camp Bolsonaro appelle au boycott de la marque Havaianas \u00e0 cause de cette publicit\u00e9 \"\/>1:19Br\u00e9sil: le camp Bolsonaro appelle au boycott de la marque Havaianas \u00e0 cause de cette publicit\u00e9<\/a><a href=\"https:\/\/www.bfmtv.com\/societe\/video-a-sotteville-les-rouen-les-habitants-sont-excedes-des-coupures-internet_VN-202512230408.html\" title=\"\u00c0 Sotteville-l\u00e8s-Rouen, les habitants sont exc\u00e9d\u00e9s des coupures internet\" target=\"_blank\" rel=\"noopener\"><img width=\"16\" height=\"9\" class=\"lozad\"  alt=\"\u00c0 Sotteville-l\u00e8s-Rouen, les habitants sont exc\u00e9d\u00e9s des coupures internet\"\/>en lecture\u00c0 Sotteville-l\u00e8s-Rouen, les habitants sont exc\u00e9d\u00e9s des coupures internet<\/a><a href=\"https:\/\/www.bfmtv.com\/societe\/video-la-maire-de-malandry-dans-les-ardennes-ou-l-eau-n-est-plus-potable-temoigne-sur-bfmtv_VN-202512230360.html\" title=\"La maire de Malandry dans les Ardennes o\u00f9 l&#039;eau n&#039;est plus potable t\u00e9moigne sur BFMTV\" target=\"_blank\" rel=\"noopener\"><img width=\"16\" height=\"9\" class=\"lozad\"  alt=\"La maire de Malandry dans les Ardennes o\u00f9 l'eau n'est plus potable t\u00e9moigne sur BFMTV\"\/>1:23La maire de Malandry dans les Ardennes o\u00f9 l&rsquo;eau n&rsquo;est plus potable t\u00e9moigne sur BFMTV<\/a><a href=\"https:\/\/www.bfmtv.com\/societe\/video-crues-les-restrictions-de-circulation-vont-etre-prises-localement-explique-le-porte-parole-de-la-securite-civile_VN-202512230273.html\" title=\"Crues: &quot;Les restrictions de circulation vont \u00eatre prises localement&quot;, explique le porte-parole de la S\u00e9curit\u00e9 civile\" target=\"_blank\" rel=\"noopener\"><img width=\"16\" height=\"9\" class=\"lozad\"  alt=\"Crues: &quot;Les restrictions de circulation vont \u00eatre prises localement&quot;, explique le porte-parole de la S\u00e9curit\u00e9 civile\"\/>0:20Crues: \u00ab\u00a0Les restrictions de circulation vont \u00eatre prises localement\u00a0\u00bb, explique le porte-parole de la S\u00e9curit\u00e9 civile<\/a><a href=\"https:\/\/www.bfmtv.com\/societe\/video-panne-a-la-poste-on-parle-d-une-attaque-de-type-deni-de-service-detaille-clement-domingo-hacker-ethique_VN-202512230253.html\" title=\"Panne \u00e0 La Poste: \u201cOn parle d\u2019une attaque de type \u201cd\u00e9ni de service,\u201d d\u00e9taille Cl\u00e9ment Domingo, hacker \u00e9thique\" target=\"_blank\" rel=\"noopener\"><img width=\"16\" height=\"9\" class=\"lozad\"  alt=\"Panne \u00e0 La Poste: \u201cOn parle d\u2019une attaque de type \u201cd\u00e9ni de service,\u201d d\u00e9taille Cl\u00e9ment Domingo, hacker \u00e9thique\"\/>2:20Panne \u00e0 La Poste: \u201cOn parle d\u2019une attaque de type \u201cd\u00e9ni de service,\u201d d\u00e9taille Cl\u00e9ment Domingo, hacker \u00e9thique<\/a><a href=\"https:\/\/www.bfmtv.com\/societe\/video-il-est-clair-qu-a-noel-les-gens-ne-sacrifient-jamais-la-tradition-explique-le-president-du-marche-international-de-rungis_VN-202512230210.html\" title=\"&quot;Il est clair qu&#039;\u00e0 No\u00ebl, les gens ne sacrifient jamais la tradition&quot;, explique le pr\u00e9sident du march\u00e9 international de Rungis\" target=\"_blank\" rel=\"noopener\"><img width=\"16\" height=\"9\" class=\"lozad\"  alt=\"&quot;Il est clair qu'\u00e0 No\u00ebl, les gens ne sacrifient jamais la tradition&quot;, explique le pr\u00e9sident du march\u00e9 international de Rungis\"\/>0:43&Prime;Il est clair qu&rsquo;\u00e0 No\u00ebl, les gens ne sacrifient jamais la tradition\u00a0\u00bb, explique le pr\u00e9sident du march\u00e9 international de Rungis<\/a><a href=\"https:\/\/www.bfmtv.com\/societe\/video-comment-faire-une-belle-table-de-noel_VN-202512230207.html\" title=\"Comment faire une belle table de No\u00ebl?\" target=\"_blank\" rel=\"noopener\"><img width=\"16\" height=\"9\" class=\"lozad\"  alt=\"Comment faire une belle table de No\u00ebl?\"\/>1:32Comment faire une belle table de No\u00ebl?<\/a><a href=\"https:\/\/www.bfmtv.com\/societe\/video-comment-faire-un-plateau-de-fromage-accessible-et-savoureux-pour-les-fetes_VN-202512230142.html\" title=\"Comment faire un plateau de fromage accessible et savoureux pour les f\u00eates?\" target=\"_blank\" rel=\"noopener\"><img width=\"16\" height=\"9\" class=\"lozad\"  alt=\"Comment faire un plateau de fromage accessible et savoureux pour les f\u00eates?\"\/>4:13Comment faire un plateau de fromage accessible et savoureux pour les f\u00eates?<\/a><a href=\"https:\/\/www.bfmtv.com\/societe\/video-comment-bien-choisir-ses-champignons-pour-un-repas-de-fete_VN-202512230100.html\" title=\"Comment bien choisir ses champignons pour un repas de f\u00eate?\" target=\"_blank\" rel=\"noopener\"><img width=\"16\" height=\"9\" class=\"lozad\"  alt=\"Comment bien choisir ses champignons pour un repas de f\u00eate?\"\/>2:43Comment bien choisir ses champignons pour un repas de f\u00eate?<\/a><a href=\"https:\/\/www.bfmtv.com\/societe\/video-c-est-un-sprint-final-tous-les-ans-bfmtv-a-rungis-a-la-veille-du-reveillon_VN-202512230060.html\" title=\"&quot;C&#039;est un sprint final tous les ans&quot;: BFMTV \u00e0 Rungis \u00e0 la veille du r\u00e9veillon\" target=\"_blank\" rel=\"noopener\"><img width=\"16\" height=\"9\" class=\"lozad\"  alt=\"&quot;C'est un sprint final tous les ans&quot;: BFMTV \u00e0 Rungis \u00e0 la veille du r\u00e9veillon\"\/>3:44&Prime;C&rsquo;est un sprint final tous les ans\u00a0\u00bb: BFMTV \u00e0 Rungis \u00e0 la veille du r\u00e9veillon<\/a><a href=\"https:\/\/www.bfmtv.com\/societe\/video-la-cyberattaque-qui-cible-les-services-en-ligne-de-la-poste-est-toujours-en-cours_VN-202512230043.html\" title=\"La cyberattaque qui cible les services en ligne de La Poste est toujours en cours\" target=\"_blank\" rel=\"noopener\"><img width=\"16\" height=\"9\" class=\"lozad\"  alt=\"La cyberattaque qui cible les services en ligne de La Poste est toujours en cours\"\/>1:06La cyberattaque qui cible les services en ligne de La Poste est toujours en cours<\/a><a href=\"https:\/\/www.bfmtv.com\/societe\/video-pluie-inondation-et-crues-la-situation-devrait-se-stabiliser-pour-demain-matin-en-ce-qui-concerne-la-circulation-declare-herve-martin-adjoint-au-maire-de-montpellier_VN-202512220738.html\" title=\"Pluie-inondation et crues: &quot;La situation devrait se stabiliser pour demain matin en ce qui concerne la circulation&quot;, d\u00e9clare Herv\u00e9 Martin, adjoint au maire de Montpellier\" target=\"_blank\" rel=\"noopener\"><img width=\"16\" height=\"9\" class=\"lozad\"  alt=\"Pluie-inondation et crues: &quot;La situation devrait se stabiliser pour demain matin en ce qui concerne la circulation&quot;, d\u00e9clare Herv\u00e9 Martin, adjoint au maire de Montpellier\"\/>2:43Pluie-inondation et crues: \u00ab\u00a0La situation devrait se stabiliser pour demain matin en ce qui concerne la circulation\u00a0\u00bb, d\u00e9clare Herv\u00e9 Martin, adjoint au maire de Montpellier<\/a><a href=\"https:\/\/www.bfmtv.com\/politique\/video-en-l-absence-de-budget-adopte-80-000-dossiers-deposes-verront-leur-instruction-retardes-decrit-maud-bregeon-porte-parole-du-gouvernement_VN-202512220688.html\" title=\"En l&#039;absence de budget adopt\u00e9, &quot;80.000 dossiers d\u00e9pos\u00e9s verront leur instruction retard\u00e9e&quot;, d\u00e9crit Maud Bregeon, porte-parole du gouvernement \" target=\"_blank\" rel=\"noopener\"><img width=\"16\" height=\"9\" class=\"lozad\"  alt=\"En l'absence de budget adopt\u00e9, &quot;80.000 dossiers d\u00e9pos\u00e9s verront leur instruction retard\u00e9e&quot;, d\u00e9crit Maud Bregeon, porte-parole du gouvernement \"\/>1:05En l&rsquo;absence de budget adopt\u00e9, \u00ab\u00a080.000 dossiers d\u00e9pos\u00e9s verront leur instruction retard\u00e9e\u00a0\u00bb, d\u00e9crit Maud Bregeon, porte-parole du gouvernement<\/a><a href=\"https:\/\/www.bfmtv.com\/economie\/replay-emissions\/tech-and-co\/video-lunettes-connectees-la-vraie-revolution-22-12_VN-202512220682.html\" title=\"Lunettes connect\u00e9es : la vraie r\u00e9volution - 22\/12\" target=\"_blank\" rel=\"noopener\"><img width=\"16\" height=\"9\" class=\"lozad\"  alt=\"Lunettes connect\u00e9es : la vraie r\u00e9volution - 22\/12\"\/>27:59Lunettes connect\u00e9es : la vraie r\u00e9volution &#8211; 22\/12<\/a><a class=\"jumpToVideo\" target=\"_blank\"><img class=\"thumbnailPreview\"\/><\/a><\/p>\n","protected":false},"excerpt":{"rendered":"\u00c0 Sotteville-l\u00e8s-Rouen, les habitants sont exc\u00e9d\u00e9s des coupures internetSur le m\u00eame sujet1:19Br\u00e9sil: le camp Bolsonaro appelle au boycott&hellip;\n","protected":false},"author":2,"featured_media":617864,"comment_status":"","ping_status":"","sticky":false,"template":"","format":"standard","meta":{"footnotes":""},"categories":[9587],"tags":[1111,11,1777,674,1011,27,12,5161,25,9590],"class_list":{"0":"post-617863","1":"post","2":"type-post","3":"status-publish","4":"format-standard","5":"has-post-thumbnail","7":"category-rouen","8":"tag-actu","9":"tag-actualites","10":"tag-eu","11":"tag-europe","12":"tag-fr","13":"tag-france","14":"tag-news","15":"tag-normandie","16":"tag-republique-francaise","17":"tag-rouen"},"share_on_mastodon":{"url":"https:\/\/pubeurope.com\/@fr\/115768924741898694","error":""},"_links":{"self":[{"href":"https:\/\/www.europesays.com\/fr\/wp-json\/wp\/v2\/posts\/617863","targetHints":{"allow":["GET"]}}],"collection":[{"href":"https:\/\/www.europesays.com\/fr\/wp-json\/wp\/v2\/posts"}],"about":[{"href":"https:\/\/www.europesays.com\/fr\/wp-json\/wp\/v2\/types\/post"}],"author":[{"embeddable":true,"href":"https:\/\/www.europesays.com\/fr\/wp-json\/wp\/v2\/users\/2"}],"replies":[{"embeddable":true,"href":"https:\/\/www.europesays.com\/fr\/wp-json\/wp\/v2\/comments?post=617863"}],"version-history":[{"count":0,"href":"https:\/\/www.europesays.com\/fr\/wp-json\/wp\/v2\/posts\/617863\/revisions"}],"wp:featuredmedia":[{"embeddable":true,"href":"https:\/\/www.europesays.com\/fr\/wp-json\/wp\/v2\/media\/617864"}],"wp:attachment":[{"href":"https:\/\/www.europesays.com\/fr\/wp-json\/wp\/v2\/media?parent=617863"}],"wp:term":[{"taxonomy":"category","embeddable":true,"href":"https:\/\/www.europesays.com\/fr\/wp-json\/wp\/v2\/categories?post=617863"},{"taxonomy":"post_tag","embeddable":true,"href":"https:\/\/www.europesays.com\/fr\/wp-json\/wp\/v2\/tags?post=617863"}],"curies":[{"name":"wp","href":"https:\/\/api.w.org\/{rel}","templated":true}]}}