{"id":617867,"date":"2025-12-23T12:42:16","date_gmt":"2025-12-23T12:42:16","guid":{"rendered":"https:\/\/www.europesays.com\/fr\/617867\/"},"modified":"2025-12-23T12:42:16","modified_gmt":"2025-12-23T12:42:16","slug":"les-rennes-finlandais-victimes-collaterales-de-la-guerre-en-ukraine-2","status":"publish","type":"post","link":"https:\/\/www.europesays.com\/fr\/617867\/","title":{"rendered":"Les rennes finlandais, victimes collat\u00e9rales de la guerre en Ukraine ?"},"content":{"rendered":"<p class=\"mb-4 text-lg md:leading-8 break-words\">Juha Kujala, \u00e9leveur de rennes en Laponie finlandaise, est d\u00e9pit\u00e9. Alors qu\u2019il s\u2019accroupit pr\u00e8s de la carcasse de l\u2019un de ces cervid\u00e9s embl\u00e9matiques du Grand Nord, celui dont la famille pratique cette activit\u00e9 depuis plus de quatre cents\u00a0ans <a href=\"https:\/\/edition.cnn.com\/2025\/12\/22\/europe\/finland-reindeer-russia-wolves\" rel=\"nofollow noopener\" target=\"_blank\" data-ylk=\"slk:assure \u00e0 CNN;elm:context_link;itc:0;sec:content-canvas\" class=\"link \">assure \u00e0 <strong>CNN<\/strong><\/a>\u00a0: \u201cC\u2019est la pire ann\u00e9e que l\u2019on ait connue ici.\u201d<\/p>\n<p class=\"mb-4 text-lg md:leading-8 break-words\">Les rennes de la r\u00e9gion, connue pour abriter le \u201cvillage du p\u00e8re No\u00ebl\u201d et attirer les touristes, ne sont pas ici victimes de maladies ou du changement climatique, mais du loup, raconte le m\u00e9dia am\u00e9ricain dans un reportage publi\u00e9 le 22\u00a0d\u00e9cembre. D\u2019apr\u00e8s le minist\u00e8re de l\u2019Agriculture et des For\u00eats, sa population est pass\u00e9e de 295\u00a0au printemps 2024\u00a0\u00e0 430\u00a0cette ann\u00e9e, \u201cdu jamais-vu depuis plusieurs dizaines d\u2019ann\u00e9es\u201d. Et l\u2019Association des \u00e9leveurs de rennes estime qu\u2019il a tu\u00e9 au moins 1\u00a0950\u00a0rennes en 2025, en hausse de pr\u00e8s de 70\u00a0% par rapport \u00e0 2024.<\/p>\n<p>Marqueurs g\u00e9n\u00e9tiques<\/p>\n<p class=\"mb-4 text-lg md:leading-8 break-words\">Pour l\u2019expliquer, les locaux\u00a0avancent une cause surprenante\u00a0: la guerre en Ukraine. \u201cBon nombre de rennes finlandais seraient victimes des loups russes qui traversent les [plus de 1\u00a0300\u00a0kilom\u00e8tres] de fronti\u00e8re entre les deux pays\u201d, les canid\u00e9s \u00e9tant moins chass\u00e9s en Russie \u201cdepuis que de nombreux hommes valides \u2013 notamment les chasseurs \u2013 se sont engag\u00e9s dans l\u2019arm\u00e9e ou ont \u00e9t\u00e9 mobilis\u00e9s pour aller combattre en Ukraine\u201d.<\/p>\n<p><a data-ylk=\"ct:story;elm:img;itc:0;\" class=\"stretched-box\" href=\"https:\/\/focus.courrierinternational.com\/2025\/08\/25\/0\/0\/2000\/2333\/2560\/0\/60\/0\/cdd19a3_upload-1-mg9spmvfhnbe-web20250825-finlande-russie.png\" rel=\"noopener noreferrer nofollow\" target=\"_blank\"><img alt=\"Finlande et Russie partagent 1\u00a0340\u00a0kilom\u00e8tres de fronti\u00e8re commune.. COURRIER INTERNATIONAL\" loading=\"lazy\" width=\"320\" height=\"373\" decoding=\"async\" data-nimg=\"1\" class=\"rounded-lg\" style=\"color:transparent\" src=\"https:\/\/www.europesays.com\/fr\/wp-content\/uploads\/2025\/12\/a35aa9941d2327cb303fcbbeb68e5ae0.jpeg\"\/><\/a><\/p>\n<p>Finlande et Russie partagent 1 340 kilom\u00e8tres de fronti\u00e8re commune.. COURRIER INTERNATIONAL<\/p>\n<p class=\"mb-4 text-lg md:leading-8 break-words\">La th\u00e9orie fait \u00e9cho \u00e0 une \u201chostilit\u00e9 g\u00e9n\u00e9ralis\u00e9e envers la Russie chez les Finlandais, qui se pr\u00e9parent \u00e0 une \u00e9ventuelle guerre avec leur voisin depuis plusieurs dizaines d\u2019ann\u00e9es\u201d, conc\u00e8de CNN. Mais elle est \u00e9tay\u00e9e\u00a0: en analysant des milliers d\u2019\u00e9chantillons d\u2019excr\u00e9ments ou d\u2019urine de loups, le Centre des ressources naturelles de Finlande a r\u00e9cemment constat\u00e9 \u201cune hausse significative du nombre d\u2019individus pr\u00e9sentant des marqueurs g\u00e9n\u00e9tiques jamais observ\u00e9s en Finlande\u201d, concluant que les canid\u00e9s venaient probablement de l\u2019autre c\u00f4t\u00e9 de la fronti\u00e8re.<\/p>\n<p class=\"mb-4 text-lg md:leading-8 break-words\">Dans ce contexte, souligne CNN, le gouvernement finlandais souhaite autoriser partiellement la chasse au loup pour r\u00e9guler sa population, bien que l\u2019esp\u00e8ce reste en danger critique d\u2019extinction. \u00c0 ceux qui s\u2019y opposent, Juha Kujala r\u00e9pond\u00a0: \u201cQu\u2019ils viennent se mettre \u00e0 notre place. Ils verront comme c\u2019est douloureux de perdre ses rennes.\u201d<\/p>\n<p class=\"mb-4 text-lg md:leading-8 break-words\">[&#8230;] <strong><a href=\"https:\/\/www.courrierinternational.com\/article\/elevage-les-rennes-finlandais-victimes-collaterales-de-la-guerre-en-ukraine_238753\" rel=\"nofollow noopener\" target=\"_blank\" data-ylk=\"slk:Lire la suite sur Courrier international;elm:context_link;itc:0;sec:content-canvas\" class=\"link \">Lire la suite sur Courrier international<\/a><\/strong><\/p>\n<p>Sur le m\u00eame sujet :<\/p>\n","protected":false},"excerpt":{"rendered":"Juha Kujala, \u00e9leveur de rennes en Laponie finlandaise, est d\u00e9pit\u00e9. Alors qu\u2019il s\u2019accroupit pr\u00e8s de la carcasse de&hellip;\n","protected":false},"author":2,"featured_media":617868,"comment_status":"","ping_status":"","sticky":false,"template":"","format":"standard","meta":{"footnotes":""},"categories":[2821],"tags":[1111,11,829,1777,674,1011,27,14513,72816,72817,12,584,25,72815],"class_list":{"0":"post-617867","1":"post","2":"type-post","3":"status-publish","4":"format-standard","5":"has-post-thumbnail","7":"category-rennes","8":"tag-actu","9":"tag-actualites","10":"tag-bretagne","11":"tag-eu","12":"tag-europe","13":"tag-fr","14":"tag-france","15":"tag-grand-nord","16":"tag-juha-kujala","17":"tag-laponie-finlandaise","18":"tag-news","19":"tag-rennes","20":"tag-republique-francaise","21":"tag-village-du-pere-noel"},"share_on_mastodon":{"url":"https:\/\/pubeurope.com\/@fr\/115768941474050678","error":""},"_links":{"self":[{"href":"https:\/\/www.europesays.com\/fr\/wp-json\/wp\/v2\/posts\/617867","targetHints":{"allow":["GET"]}}],"collection":[{"href":"https:\/\/www.europesays.com\/fr\/wp-json\/wp\/v2\/posts"}],"about":[{"href":"https:\/\/www.europesays.com\/fr\/wp-json\/wp\/v2\/types\/post"}],"author":[{"embeddable":true,"href":"https:\/\/www.europesays.com\/fr\/wp-json\/wp\/v2\/users\/2"}],"replies":[{"embeddable":true,"href":"https:\/\/www.europesays.com\/fr\/wp-json\/wp\/v2\/comments?post=617867"}],"version-history":[{"count":0,"href":"https:\/\/www.europesays.com\/fr\/wp-json\/wp\/v2\/posts\/617867\/revisions"}],"wp:featuredmedia":[{"embeddable":true,"href":"https:\/\/www.europesays.com\/fr\/wp-json\/wp\/v2\/media\/617868"}],"wp:attachment":[{"href":"https:\/\/www.europesays.com\/fr\/wp-json\/wp\/v2\/media?parent=617867"}],"wp:term":[{"taxonomy":"category","embeddable":true,"href":"https:\/\/www.europesays.com\/fr\/wp-json\/wp\/v2\/categories?post=617867"},{"taxonomy":"post_tag","embeddable":true,"href":"https:\/\/www.europesays.com\/fr\/wp-json\/wp\/v2\/tags?post=617867"}],"curies":[{"name":"wp","href":"https:\/\/api.w.org\/{rel}","templated":true}]}}