{"id":617874,"date":"2025-12-23T12:46:15","date_gmt":"2025-12-23T12:46:15","guid":{"rendered":"https:\/\/www.europesays.com\/fr\/617874\/"},"modified":"2025-12-23T12:46:15","modified_gmt":"2025-12-23T12:46:15","slug":"coupe-de-france-32e-finale-nice-2-saint-etienne-1-le-gym-retrouve-enfin-le-sourire","status":"publish","type":"post","link":"https:\/\/www.europesays.com\/fr\/617874\/","title":{"rendered":"Coupe de France-32e finale. Nice 2 &#8211; Saint-Etienne 1: Le Gym retrouve enfin le sourire\u00a0"},"content":{"rendered":"<p>Apr\u00e8s deux mois sans victoire en championnat, les joueurs de Franck Haise se qualifient pour le prochain tour de la coupe de France. Ils seront oppos\u00e9s \u00e0 Nantes le 9 ou le 10 janvier au stade de la Beaujoire.<\/p>\n<p><img fetchpriority=\"high\" decoding=\"async\" class=\"alignnone size-large wp-image-111286\" src=\"data:image\/svg+xml,%3Csvg%20xmlns=\" http:=\"\" alt=\"Destimed Nice logo\" width=\"1024\" height=\"576\" data-lazy- data-lazy- data-lazy-src=\"https:\/\/www.europesays.com\/fr\/wp-content\/uploads\/2025\/12\/Nice-logo-1024x576.jpg\"\/><\/p>\n<p class=\"p3\" style=\"margin: 0cm; font-width: normal; font-size-adjust: none; font-kerning: auto; font-variant-alternates: normal; font-variant-ligatures: normal; font-variant-numeric: normal; font-variant-east-asian: normal; font-variant-position: normal; font-feature-settings: normal; font-optical-sizing: auto; font-variation-settings: normal; -webkit-text-size-adjust: auto;\">Ce qui \u00e9tait jusqu\u2019\u00e0 la saison derni\u00e8re une affiche ordinaire de la Ligue 1, est devenu un match \u00e9liminatoire de coupe de France en cette fin d\u2019ann\u00e9e 2025.\u00a0 Face \u00e0 des St\u00e9phanois dont la remont\u00e9e dans l\u2019\u00e9lite est l\u2019objectif majeur, les doutes et les inqui\u00e9tudes ne manquaient pas autour des Ni\u00e7ois en plein crise morale et sportive avant le coup d\u2019envoi. En accord avec Ineos l\u2019actionnaire du club, Fabrice Bocquet Pr\u00e9sident-directeur g\u00e9n\u00e9ral de l\u2019OGC Nice incapable de r\u00e9soudre les graves probl\u00e8mes, a d\u00e9missionn\u00e9. Il a \u00e9t\u00e9 remplac\u00e9 par un duo d\u2019anciens pr\u00e9sidents qui reviennent aux affaires. Est-ce que le club va \u00eatre capable de se relancer et d\u2019innover avec des dirigeants qui repr\u00e9sentent le pass\u00e9 ? Les r\u00e9ponses viendront des d\u00e9cisions prises au niveau de la gestion administrative et humaine. Est-ce que les relations avec les Ultras de la Populaire sud vont changer ? Les sanctions prises contre le club apr\u00e8s les graves incidents provoqu\u00e9s par ces \u00ab supporters \u00bb s\u2019accumulent.\u00a0<\/p>\n<p>Diallo et Sanson buteurs<\/p>\n<p class=\"p3\" style=\"margin: 0cm; font-width: normal; font-size-adjust: none; font-kerning: auto; font-variant-alternates: normal; font-variant-ligatures: normal; font-variant-numeric: normal; font-variant-east-asian: normal; font-variant-position: normal; font-feature-settings: normal; font-optical-sizing: auto; font-variation-settings: normal; -webkit-text-size-adjust: auto;\">L\u2019histoire retiendra de ce match jou\u00e9 dans un huis-clos total avec un stade triste, que le Gym a retrouv\u00e9 le go\u00fbt de la victoire. Malgr\u00e9 l\u2019\u00e9galisation du St\u00e9phanois Davitashvili sur penalty avant la mi-temps, les Ni\u00e7ois n\u2019ont pas rel\u00e2ch\u00e9 leurs efforts. Morgan Sanson a inscrit le but de la qualification (73e) et l\u2019\u00e9quipe n\u2019a pas craqu\u00e9 mentalement.\u00a0 Apr\u00e8s quelques jours de vacances, l\u2019OGC Nice va reprendre le chemin de l\u2019entra\u00eenement afin de pr\u00e9parer la r\u00e9ception de Strasbourg le 3 janvier 2026 \u00e0 l\u2019Allianz Riviera.<\/p>\n<p class=\"p3\" style=\"margin: 0cm; font-width: normal; font-size-adjust: none; font-kerning: auto; font-variant-alternates: normal; font-variant-ligatures: normal; font-variant-numeric: normal; font-variant-east-asian: normal; font-variant-position: normal; font-feature-settings: normal; font-optical-sizing: auto; font-variation-settings: normal; -webkit-text-size-adjust: auto;\"><strong>Gilbert DULAC<\/strong><\/p>\n","protected":false},"excerpt":{"rendered":"Apr\u00e8s deux mois sans victoire en championnat, les joueurs de Franck Haise se qualifient pour le prochain tour&hellip;\n","protected":false},"author":2,"featured_media":617875,"comment_status":"","ping_status":"","sticky":false,"template":"","format":"standard","meta":{"footnotes":""},"categories":[2819],"tags":[1111,11,1777,674,1011,27,12,2401,882,25],"class_list":{"0":"post-617874","1":"post","2":"type-post","3":"status-publish","4":"format-standard","5":"has-post-thumbnail","7":"category-nice","8":"tag-actu","9":"tag-actualites","10":"tag-eu","11":"tag-europe","12":"tag-fr","13":"tag-france","14":"tag-news","15":"tag-nice","16":"tag-provence-alpes-cote-dazur","17":"tag-republique-francaise"},"share_on_mastodon":{"url":"https:\/\/pubeurope.com\/@fr\/115768956382372161","error":""},"_links":{"self":[{"href":"https:\/\/www.europesays.com\/fr\/wp-json\/wp\/v2\/posts\/617874","targetHints":{"allow":["GET"]}}],"collection":[{"href":"https:\/\/www.europesays.com\/fr\/wp-json\/wp\/v2\/posts"}],"about":[{"href":"https:\/\/www.europesays.com\/fr\/wp-json\/wp\/v2\/types\/post"}],"author":[{"embeddable":true,"href":"https:\/\/www.europesays.com\/fr\/wp-json\/wp\/v2\/users\/2"}],"replies":[{"embeddable":true,"href":"https:\/\/www.europesays.com\/fr\/wp-json\/wp\/v2\/comments?post=617874"}],"version-history":[{"count":0,"href":"https:\/\/www.europesays.com\/fr\/wp-json\/wp\/v2\/posts\/617874\/revisions"}],"wp:featuredmedia":[{"embeddable":true,"href":"https:\/\/www.europesays.com\/fr\/wp-json\/wp\/v2\/media\/617875"}],"wp:attachment":[{"href":"https:\/\/www.europesays.com\/fr\/wp-json\/wp\/v2\/media?parent=617874"}],"wp:term":[{"taxonomy":"category","embeddable":true,"href":"https:\/\/www.europesays.com\/fr\/wp-json\/wp\/v2\/categories?post=617874"},{"taxonomy":"post_tag","embeddable":true,"href":"https:\/\/www.europesays.com\/fr\/wp-json\/wp\/v2\/tags?post=617874"}],"curies":[{"name":"wp","href":"https:\/\/api.w.org\/{rel}","templated":true}]}}