{"id":617880,"date":"2025-12-23T12:49:13","date_gmt":"2025-12-23T12:49:13","guid":{"rendered":"https:\/\/www.europesays.com\/fr\/617880\/"},"modified":"2025-12-23T12:49:13","modified_gmt":"2025-12-23T12:49:13","slug":"loperation-boites-solidaires-a-rencontre-un-beau-succes","status":"publish","type":"post","link":"https:\/\/www.europesays.com\/fr\/617880\/","title":{"rendered":"l\u2019op\u00e9ration Bo\u00eetes solidaires a rencontr\u00e9 un beau succ\u00e8s"},"content":{"rendered":"<p>\u00ab\u00a0Cette r\u00e9ussite a \u00e9t\u00e9 rendue possible gr\u00e2ce \u00e0 l\u2019\u00e9norme implication des b\u00e9n\u00e9voles de l\u2019association, qui ont particip\u00e9 activement \u00e0 la collecte des bo\u00eetes solidaires et \u00e0 toutes les \u00e9tapes logistiques de cette vaste op\u00e9ration. Leur travail colossal a \u00e9t\u00e9 d\u00e9terminant\u00a0\u00bb, a d\u00e9clar\u00e9 Doroth\u00e9e Maillet, la directrice de l\u2019association Th\u00e9 O\u2019Bulles.<\/p>\n<p>\u00ab\u00a0Forte dynamique de solidarit\u00e9\u00a0\u00bb<\/p>\n<p>Les 875 bo\u00eetes solidaires contiennent de petits v\u00eatements chauds, un produit d\u2019hygi\u00e8ne, des chocolats de No\u00ebl, un livre ou un jouet pour celles d\u00e9volues aux enfants, un mot doux de r\u00e9confort et un dessin. Ces paquets-cadeaux seront distribu\u00e9s par des associations caritatives \u00e0 des enfants \u00e0 Pessac et en Gironde, \u00e0 des sans-abri lors des maraudes de No\u00ebl, \u00e0 des personnes \u00e2g\u00e9es isol\u00e9es, mais aussi \u00e0 des \u00e9tudiants en situation de pr\u00e9carit\u00e9 au cours de distribution d\u2019aide alimentaire. Enfin, 40 bo\u00eetes ont \u00e9t\u00e9 remises au Centre communal d\u2019action sociale de Pessac, qui les offrira \u00e0 certains de leurs b\u00e9n\u00e9ficiaires esseul\u00e9s.<\/p>\n","protected":false},"excerpt":{"rendered":"\u00ab\u00a0Cette r\u00e9ussite a \u00e9t\u00e9 rendue possible gr\u00e2ce \u00e0 l\u2019\u00e9norme implication des b\u00e9n\u00e9voles de l\u2019association, qui ont particip\u00e9 activement&hellip;\n","protected":false},"author":2,"featured_media":617881,"comment_status":"","ping_status":"","sticky":false,"template":"","format":"standard","meta":{"footnotes":""},"categories":[2817],"tags":[1111,11,1997,1777,674,1011,27,12,2219,25],"class_list":{"0":"post-617880","1":"post","2":"type-post","3":"status-publish","4":"format-standard","5":"has-post-thumbnail","7":"category-bordeaux","8":"tag-actu","9":"tag-actualites","10":"tag-bordeaux","11":"tag-eu","12":"tag-europe","13":"tag-fr","14":"tag-france","15":"tag-news","16":"tag-nouvelle-aquitaine","17":"tag-republique-francaise"},"share_on_mastodon":{"url":"https:\/\/pubeurope.com\/@fr\/115768968100241827","error":""},"_links":{"self":[{"href":"https:\/\/www.europesays.com\/fr\/wp-json\/wp\/v2\/posts\/617880","targetHints":{"allow":["GET"]}}],"collection":[{"href":"https:\/\/www.europesays.com\/fr\/wp-json\/wp\/v2\/posts"}],"about":[{"href":"https:\/\/www.europesays.com\/fr\/wp-json\/wp\/v2\/types\/post"}],"author":[{"embeddable":true,"href":"https:\/\/www.europesays.com\/fr\/wp-json\/wp\/v2\/users\/2"}],"replies":[{"embeddable":true,"href":"https:\/\/www.europesays.com\/fr\/wp-json\/wp\/v2\/comments?post=617880"}],"version-history":[{"count":0,"href":"https:\/\/www.europesays.com\/fr\/wp-json\/wp\/v2\/posts\/617880\/revisions"}],"wp:featuredmedia":[{"embeddable":true,"href":"https:\/\/www.europesays.com\/fr\/wp-json\/wp\/v2\/media\/617881"}],"wp:attachment":[{"href":"https:\/\/www.europesays.com\/fr\/wp-json\/wp\/v2\/media?parent=617880"}],"wp:term":[{"taxonomy":"category","embeddable":true,"href":"https:\/\/www.europesays.com\/fr\/wp-json\/wp\/v2\/categories?post=617880"},{"taxonomy":"post_tag","embeddable":true,"href":"https:\/\/www.europesays.com\/fr\/wp-json\/wp\/v2\/tags?post=617880"}],"curies":[{"name":"wp","href":"https:\/\/api.w.org\/{rel}","templated":true}]}}