{"id":617882,"date":"2025-12-23T12:50:15","date_gmt":"2025-12-23T12:50:15","guid":{"rendered":"https:\/\/www.europesays.com\/fr\/617882\/"},"modified":"2025-12-23T12:50:15","modified_gmt":"2025-12-23T12:50:15","slug":"une-jeune-eleve-de-sciences-po-bordeaux-denonce-des-faits-de-harcelement-sexuel-le-salarie-mis-en-cause-suspendu","status":"publish","type":"post","link":"https:\/\/www.europesays.com\/fr\/617882\/","title":{"rendered":"Une jeune \u00e9l\u00e8ve de Sciences Po Bordeaux d\u00e9nonce des faits de harc\u00e8lement sexuel, le salari\u00e9 mis en cause suspendu"},"content":{"rendered":"<p>Un ancien professeur de Sciences Po Paris, aujourd&rsquo;hui membre de l&rsquo;\u00e9quipe administrative, vient d&rsquo;\u00eatre mis \u00e0 pied. Il aurait harcel\u00e9 sexuellement deux jeunes lyc\u00e9ennes girondine pendant plus d&rsquo;un an.<\/p>\n<p>Sciences Po Paris vient de suspendre de ses fonctions un de ses salari\u00e9s, un membre de l&rsquo;administration qui intervenait pour pr\u00e9senter l&rsquo;\u00e9cole dans les lyc\u00e9es dans le cadre de la politique d&rsquo;\u00e9galit\u00e9 des chances. Cette mise \u00e0 pied a \u00e9t\u00e9 enterrin\u00e9e pour des faits \u00ab\u00a0graves d&rsquo;intimidation, de harc\u00e8lement moral\u00a0\u00bb mais aussi de \u00ab\u00a0harc\u00e8lement sexuel\u00a0\u00bb\u00a0et c&rsquo;est une lyc\u00e9enne girondine qui a r\u00e9v\u00e9l\u00e9 ce dont elle a \u00e9t\u00e9 victime. Elle a <strong>t\u00e9moign\u00e9 dans une vid\u00e9o TikTok<\/strong> vue plusieurs centaines de milliers de fois. Vous pouvez \u00e9couter un extrait de ce t\u00e9moignage ici\u00a0\ud83d\udc47<\/p>\n<p>loading<\/p>\n<p>16 ans \u00e0 l&rsquo;\u00e9poque des faits<\/p>\n<p>Aujourd&rsquo;hui <strong>\u00e9tudiante \u00e0 Sciences Po Bordeaux<\/strong>, elle avait 16 ans \u00e0 l&rsquo;\u00e9poque des faits qu&rsquo;elle d\u00e9nonce dans cette vid\u00e9o post\u00e9e mi d\u00e9cembre. Elle indique avoir \u00e9t\u00e9 \u00ab\u00a0victime de harc\u00e8lement sexuel pendant un an et demi\u00a0\u00bb. Des messages tous les jours, toutes les semaines, peu \u00e0 peu dirig\u00e9s vers \u00ab\u00a0son physique\u00a0\u00bb, \u00ab\u00a0la fa\u00e7on dont elle s&rsquo;habillait\u00a0\u00bb et \u00ab\u00a0ce qu&rsquo;elle pouvait faire aux hommes\u00a0\u00bb. Ce salari\u00e9 \u00e9tait aussi membre du \u00ab\u00a0jury et relisait les lettres d&rsquo;admission\u00a0\u00bb. Ce qui change tout, c&rsquo;est quand elle apprend qu&rsquo;elle n&rsquo;est pas la seule. Une autre jeune fille, de son lyc\u00e9e pr\u00e8s de Bordeaux, raconte \u00e9galement \u00eatre <strong>victime du m\u00eame homme, dans les m\u00eames circonstances<\/strong>. Le syndicat l&rsquo;Union \u00e9tudiante s&rsquo;est empar\u00e9 du dossier, il \u00e9voque de son c\u00f4t\u00e9 le chiffre d'\u00a0\u00bbune vingtaine de victimes\u00a0\u00bb sur son compte Instagram et plaide pour une lib\u00e9ration de la parole.<\/p>\n<p>Vers une proc\u00e9dure judiciaire <\/p>\n<p>\u00ab\u00a0Les faits sont circonstanci\u00e9s\u00a0\u00bb et le professeur \u00ab\u00a0n&rsquo;a pas ni\u00e9\u00a0\u00bb, a indiqu\u00e9 Sciences Po \u00e0 l&rsquo;AFP, ajoutant que l&rsquo;\u00e9cole avait re\u00e7u \u00ab\u00a0sept t\u00e9moignages suppl\u00e9mentaires\u00a0\u00bb en une semaine et \u00ab\u00a0r\u00e9fl\u00e9chissait\u00a0\u00bb \u00e0 saisir le procureur de la R\u00e9publique.<\/p>\n","protected":false},"excerpt":{"rendered":"Un ancien professeur de Sciences Po Paris, aujourd&rsquo;hui membre de l&rsquo;\u00e9quipe administrative, vient d&rsquo;\u00eatre mis \u00e0 pied. Il&hellip;\n","protected":false},"author":2,"featured_media":617883,"comment_status":"","ping_status":"","sticky":false,"template":"","format":"standard","meta":{"footnotes":""},"categories":[2817],"tags":[1111,11,1997,1777,674,1011,27,12,2219,25],"class_list":{"0":"post-617882","1":"post","2":"type-post","3":"status-publish","4":"format-standard","5":"has-post-thumbnail","7":"category-bordeaux","8":"tag-actu","9":"tag-actualites","10":"tag-bordeaux","11":"tag-eu","12":"tag-europe","13":"tag-fr","14":"tag-france","15":"tag-news","16":"tag-nouvelle-aquitaine","17":"tag-republique-francaise"},"share_on_mastodon":{"url":"https:\/\/pubeurope.com\/@fr\/115768972117776980","error":""},"_links":{"self":[{"href":"https:\/\/www.europesays.com\/fr\/wp-json\/wp\/v2\/posts\/617882","targetHints":{"allow":["GET"]}}],"collection":[{"href":"https:\/\/www.europesays.com\/fr\/wp-json\/wp\/v2\/posts"}],"about":[{"href":"https:\/\/www.europesays.com\/fr\/wp-json\/wp\/v2\/types\/post"}],"author":[{"embeddable":true,"href":"https:\/\/www.europesays.com\/fr\/wp-json\/wp\/v2\/users\/2"}],"replies":[{"embeddable":true,"href":"https:\/\/www.europesays.com\/fr\/wp-json\/wp\/v2\/comments?post=617882"}],"version-history":[{"count":0,"href":"https:\/\/www.europesays.com\/fr\/wp-json\/wp\/v2\/posts\/617882\/revisions"}],"wp:featuredmedia":[{"embeddable":true,"href":"https:\/\/www.europesays.com\/fr\/wp-json\/wp\/v2\/media\/617883"}],"wp:attachment":[{"href":"https:\/\/www.europesays.com\/fr\/wp-json\/wp\/v2\/media?parent=617882"}],"wp:term":[{"taxonomy":"category","embeddable":true,"href":"https:\/\/www.europesays.com\/fr\/wp-json\/wp\/v2\/categories?post=617882"},{"taxonomy":"post_tag","embeddable":true,"href":"https:\/\/www.europesays.com\/fr\/wp-json\/wp\/v2\/tags?post=617882"}],"curies":[{"name":"wp","href":"https:\/\/api.w.org\/{rel}","templated":true}]}}