{"id":617888,"date":"2025-12-23T12:53:12","date_gmt":"2025-12-23T12:53:12","guid":{"rendered":"https:\/\/www.europesays.com\/fr\/617888\/"},"modified":"2025-12-23T12:53:12","modified_gmt":"2025-12-23T12:53:12","slug":"englos-quatre-hommes-arretes-apres-un-vol-impressionnant-chez-norauto","status":"publish","type":"post","link":"https:\/\/www.europesays.com\/fr\/617888\/","title":{"rendered":"Englos. Quatre hommes arr\u00eat\u00e9s apr\u00e8s un vol impressionnant chez Norauto"},"content":{"rendered":"<p>                    Par<br \/>\n        <strong><br \/>\n            <a href=\"https:\/\/actu.fr\/auteur\/nicolas-demollien\" title=\"Consulter tous les articles de Nicolas Demollien\" target=\"_blank\" rel=\"noopener\">Nicolas Demollien<\/a><br \/>\n                    <\/strong><\/p>\n<p>        Publi\u00e9 le<\/p>\n<p>            23 d\u00e9c. 2025 \u00e0 13h30        <\/p>\n<p>Ils avaient charg\u00e9 leur v\u00e9hicule autant que possible\u2009! Lundi 22\u00a0d\u00e9cembre 2025, un <b>vol impressionnant<\/b> a \u00e9t\u00e9 commis chez <b>Norauto<\/b> dans la <b>zone commerciale Aushopping<\/b> <a href=\"https:\/\/actu.fr\/hauts-de-france\/englos_59195\" target=\"_blank\" rel=\"noopener\">Englos<\/a>, pr\u00e8s de <a href=\"https:\/\/actu.fr\/hauts-de-france\/lille_59350\" target=\"_blank\" rel=\"noopener\">Lille<\/a> (Nord). <b>Quatre hommes<\/b> ont \u00e9t\u00e9 <b>interpell\u00e9s<\/b>.<\/p>\n<p>Ils d\u00e9robent 41 batteries chez Norauto Englos<\/p>\n<p class=\" wall-content\">Il \u00e9tait aux alentours 21h15 lorsque les <a href=\"https:\/\/actu.fr\/tag\/police\" target=\"_blank\" rel=\"noopener\">policiers<\/a> remarquent un<b> v\u00e9hicule particuli\u00e8rement charg\u00e9 sur le parking<\/b> de l\u2019enseigne automobile. Ils d\u00e9cident de contr\u00f4ler ses occupants et trouvent dans le v\u00e9hicule pas moins de <b>41 batteries de voitures<\/b>.<\/p>\n<p class=\" wall-content\">Les explications des occupants sont confuses, ils ne parviennent pas \u00e0 justifier la provenance de ce mat\u00e9riel. Et pour cause, apr\u00e8s avoir pris attache avec les g\u00e9rants de l\u2019entreprise, ils comprennent que les batteries ont \u00e9t\u00e9 <b>d\u00e9rob\u00e9es \u00e0 l\u2019arri\u00e8re du b\u00e2timent<\/b>, dans un espace de stockage d\u00e9di\u00e9.<\/p>\n<p class=\" wall-content\">Les quatre hommes, \u00e2g\u00e9s d\u2019une vingtaine d\u2019ann\u00e9es, ont \u00e9t\u00e9 emmen\u00e9s au commissariat et <b>plac\u00e9s en garde \u00e0 vue<\/b>.<\/p>\n<p class=\" wall-content\">Personnalisez votre actualit\u00e9 en ajoutant vos villes et m\u00e9dias en favori avec <a href=\"https:\/\/moncompte.actu.fr\" title=\"D\u00e9couvez Mon Actu\" rel=\"nofollow noopener\" data-trk=\"{&quot;cta&quot;:{&quot;action&quot;:&quot;https:\\\/\\\/moncompte.actu.fr&quot;,&quot;category&quot;:&quot;mon compte&quot;,&quot;from&quot;:&quot;article footer&quot;,&quot;name&quot;:&quot;Mon actu&quot;,&quot;type&quot;:&quot;cta&quot;}}\" target=\"_blank\">Mon Actu<\/a>.<\/p>\n","protected":false},"excerpt":{"rendered":"Par Nicolas Demollien Publi\u00e9 le 23 d\u00e9c. 2025 \u00e0 13h30 Ils avaient charg\u00e9 leur v\u00e9hicule autant que possible\u2009!&hellip;\n","protected":false},"author":2,"featured_media":617889,"comment_status":"","ping_status":"","sticky":false,"template":"","format":"standard","meta":{"footnotes":""},"categories":[2815],"tags":[1111,11,1174,1777,674,118,1011,27,811,1307,12,1072,25],"class_list":{"0":"post-617888","1":"post","2":"type-post","3":"status-publish","4":"format-standard","5":"has-post-thumbnail","7":"category-lille","8":"tag-actu","9":"tag-actualites","10":"tag-cambriolage","11":"tag-eu","12":"tag-europe","13":"tag-faits-divers","14":"tag-fr","15":"tag-france","16":"tag-hauts-de-france","17":"tag-lille","18":"tag-news","19":"tag-police","20":"tag-republique-francaise"},"share_on_mastodon":{"url":"https:\/\/pubeurope.com\/@fr\/115768983886155540","error":""},"_links":{"self":[{"href":"https:\/\/www.europesays.com\/fr\/wp-json\/wp\/v2\/posts\/617888","targetHints":{"allow":["GET"]}}],"collection":[{"href":"https:\/\/www.europesays.com\/fr\/wp-json\/wp\/v2\/posts"}],"about":[{"href":"https:\/\/www.europesays.com\/fr\/wp-json\/wp\/v2\/types\/post"}],"author":[{"embeddable":true,"href":"https:\/\/www.europesays.com\/fr\/wp-json\/wp\/v2\/users\/2"}],"replies":[{"embeddable":true,"href":"https:\/\/www.europesays.com\/fr\/wp-json\/wp\/v2\/comments?post=617888"}],"version-history":[{"count":0,"href":"https:\/\/www.europesays.com\/fr\/wp-json\/wp\/v2\/posts\/617888\/revisions"}],"wp:featuredmedia":[{"embeddable":true,"href":"https:\/\/www.europesays.com\/fr\/wp-json\/wp\/v2\/media\/617889"}],"wp:attachment":[{"href":"https:\/\/www.europesays.com\/fr\/wp-json\/wp\/v2\/media?parent=617888"}],"wp:term":[{"taxonomy":"category","embeddable":true,"href":"https:\/\/www.europesays.com\/fr\/wp-json\/wp\/v2\/categories?post=617888"},{"taxonomy":"post_tag","embeddable":true,"href":"https:\/\/www.europesays.com\/fr\/wp-json\/wp\/v2\/tags?post=617888"}],"curies":[{"name":"wp","href":"https:\/\/api.w.org\/{rel}","templated":true}]}}