{"id":617897,"date":"2025-12-23T12:58:16","date_gmt":"2025-12-23T12:58:16","guid":{"rendered":"https:\/\/www.europesays.com\/fr\/617897\/"},"modified":"2025-12-23T12:58:16","modified_gmt":"2025-12-23T12:58:16","slug":"gregory-doucet-va-t-il-rattraper-jean-michel-aulas","status":"publish","type":"post","link":"https:\/\/www.europesays.com\/fr\/617897\/","title":{"rendered":"Gr\u00e9gory Doucet va-t-il rattraper Jean-Michel Aulas ?"},"content":{"rendered":"<p itemprop=\"description\"><strong>EXCLUSIF LYONMAG.<\/strong><\/p>\n<p>LyonMag et Radio Espace publient cette semaine une nouvelle s\u00e9rie de sondages OpinionWay dans le cadre des \u00e9lections municipales lyonnaises et m\u00e9tropolitaines 2026.<\/p>\n<p>Dans la course \u00e0 l&rsquo;H\u00f4tel de Ville, <a href=\"https:\/\/www.lyonmag.com\/profil-personnalite-lyonnaise\/8\/jean-michel-aulas\" target=\"_blank\" rel=\"noopener\">Jean-Michel Aulas<\/a> resterait largement en t\u00eate avec 46% d&rsquo;intentions de vote au premier tour. Mais le candidat Coeur Lyonnais perd son premier point depuis les diff\u00e9rents sondages r\u00e9alis\u00e9s en octobre dernier. Signe que l&rsquo;\u00e9cart va se resserrer d&rsquo;ici le premier tour le 15 mars 2026 ?<\/p>\n<p>Car dans le m\u00eame temps, le maire \u00e9cologiste sortant <a href=\"https:\/\/www.lyonmag.com\/profil-personnalite-lyonnaise\/504\/gregory-doucet\" target=\"_blank\" rel=\"noopener\">Gr\u00e9gory Doucet<\/a>, enfin entr\u00e9 en campagne avec l&rsquo;union de la gauche, gagne un point et culmine \u00e0 25% d&rsquo;intentions de vote.<\/p>\n<p>Il y a d\u00e9sormais un nouveau troisi\u00e8me homme dans ce scrutin. Car <a href=\"https:\/\/www.lyonmag.com\/profil-personnalite-lyonnaise\/753\/alexandre-dupalais\" target=\"_blank\" rel=\"noopener\">Alexandre Dupalais<\/a> (UDR-RN) gagne deux points pour doubler <a href=\"https:\/\/www.lyonmag.com\/profil-personnalite-lyonnaise\/698\/anais-belouassa-cherifi\" target=\"_blank\" rel=\"noopener\">Ana\u00efs Belouassa-Cherifi<\/a> (LFI). Avec 10% d&rsquo;intentions de vote, l&rsquo;avocat ciottiste pourrait pr\u00e9tendre \u00e0 une triangulaire \u00e0 Lyon !<\/p>\n<p><img loading=\"lazy\" decoding=\"async\" style=\"display: block; margin-left: auto; margin-right: auto;\" src=\"https:\/\/www.europesays.com\/fr\/wp-content\/uploads\/2025\/12\/capture-d-e-cran-2025-12-18-a-20-16-23-28939.png\" alt=\"\" width=\"800\" height=\"288\"\/><\/p>\n<p>Le score des autres candidats au premier tour, le second tour des municipales \u00e0 Lyon, les premier et second tours des m\u00e9tropolitaines, nos analyses et la question d&rsquo;actualit\u00e9 sur la gratuit\u00e9 des TCL&#8230;<\/p>\n<p><strong>Tout ce contenu sera \u00e0 retrouver ce vendredi 26 d\u00e9cembre dans le magazine LyonMag n\u00b0219, disponible en kiosques, \u00e0 l&rsquo;abonnement et \u00e0 l&rsquo;achat en ligne.<\/strong><\/p>\n","protected":false},"excerpt":{"rendered":"EXCLUSIF LYONMAG. LyonMag et Radio Espace publient cette semaine une nouvelle s\u00e9rie de sondages OpinionWay dans le cadre&hellip;\n","protected":false},"author":2,"featured_media":617898,"comment_status":"","ping_status":"","sticky":false,"template":"","format":"standard","meta":{"footnotes":""},"categories":[1889],"tags":[1111,11,2813,2190,2430,1109,251,1112,2811,1777,674,118,1011,27,1922,1110,1114,2428,2810,12,241,316,25,2812,517,800],"class_list":{"0":"post-617897","1":"post","2":"type-post","3":"status-publish","4":"format-standard","5":"has-post-thumbnail","7":"category-lyon","8":"tag-actu","9":"tag-actualites","10":"tag-article","11":"tag-asvel","12":"tag-auvergne-rhone-alpes","13":"tag-breves","14":"tag-culture","15":"tag-depeches","16":"tag-economique","17":"tag-eu","18":"tag-europe","19":"tag-faits-divers","20":"tag-fr","21":"tag-france","22":"tag-info","23":"tag-informations","24":"tag-infos","25":"tag-lyon","26":"tag-lyonmag","27":"tag-news","28":"tag-ol","29":"tag-politique","30":"tag-republique-francaise","31":"tag-sociale","32":"tag-sport","33":"tag-transports"},"share_on_mastodon":{"url":"https:\/\/pubeurope.com\/@fr\/115769005554415883","error":""},"_links":{"self":[{"href":"https:\/\/www.europesays.com\/fr\/wp-json\/wp\/v2\/posts\/617897","targetHints":{"allow":["GET"]}}],"collection":[{"href":"https:\/\/www.europesays.com\/fr\/wp-json\/wp\/v2\/posts"}],"about":[{"href":"https:\/\/www.europesays.com\/fr\/wp-json\/wp\/v2\/types\/post"}],"author":[{"embeddable":true,"href":"https:\/\/www.europesays.com\/fr\/wp-json\/wp\/v2\/users\/2"}],"replies":[{"embeddable":true,"href":"https:\/\/www.europesays.com\/fr\/wp-json\/wp\/v2\/comments?post=617897"}],"version-history":[{"count":0,"href":"https:\/\/www.europesays.com\/fr\/wp-json\/wp\/v2\/posts\/617897\/revisions"}],"wp:featuredmedia":[{"embeddable":true,"href":"https:\/\/www.europesays.com\/fr\/wp-json\/wp\/v2\/media\/617898"}],"wp:attachment":[{"href":"https:\/\/www.europesays.com\/fr\/wp-json\/wp\/v2\/media?parent=617897"}],"wp:term":[{"taxonomy":"category","embeddable":true,"href":"https:\/\/www.europesays.com\/fr\/wp-json\/wp\/v2\/categories?post=617897"},{"taxonomy":"post_tag","embeddable":true,"href":"https:\/\/www.europesays.com\/fr\/wp-json\/wp\/v2\/tags?post=617897"}],"curies":[{"name":"wp","href":"https:\/\/api.w.org\/{rel}","templated":true}]}}