{"id":617909,"date":"2025-12-23T13:08:16","date_gmt":"2025-12-23T13:08:16","guid":{"rendered":"https:\/\/www.europesays.com\/fr\/617909\/"},"modified":"2025-12-23T13:08:16","modified_gmt":"2025-12-23T13:08:16","slug":"en-direct-guerre-en-ukraine-au-moins-3-morts-et-des-coupures-de-courant-dampleur-suite-a-des-frappes-russes","status":"publish","type":"post","link":"https:\/\/www.europesays.com\/fr\/617909\/","title":{"rendered":"EN DIRECT &#8211; Guerre en Ukraine : au moins 3 morts et des coupures de courant d&rsquo;ampleur suite \u00e0 des frappes russes"},"content":{"rendered":"<ul class=\"jsx-862013697 ArticleChapo__List\">\n<li class=\"jsx-862013697 ArticleChapo__List_Item flex\">Un g\u00e9n\u00e9ral russe a \u00e9t\u00e9 lundi matin dans l&rsquo;explosion d&rsquo;une voiture \u00e0 Moscou, ce dont la Russie accuse l&rsquo;Ukraine d&rsquo;\u00eatre \u00e0 l&rsquo;origine.<\/li>\n<li class=\"jsx-862013697 ArticleChapo__List_Item flex\">Sur le plan diplomatique, les n\u00e9gociations engag\u00e9es entre Russes, Am\u00e9ricains et Ukrainiens accouchent de \u00ab\u00a0lents progr\u00e8s\u00a0\u00bb, a indiqu\u00e9 Moscou.<\/li>\n<li class=\"jsx-862013697 ArticleChapo__List_Item flex\">Suivez les derni\u00e8res informations.<\/li>\n<\/ul>\n<p><a href=\"https:\/\/www.tf1info.fr\/actualite\/guerre-ukraine-russie-une-rencontre-donald-trump-vladimir-poutine-historique-le-vendredi-15-aout-2025-en-alaska-sans-volodymyr-zelensky-14326\/\" rel=\"noopener\" class=\"jsx-484472199 Link jsx-1428418400 jsx-554215408\" target=\"_blank\"><\/p>\n<p style=\"font-weight:400\" class=\"jsx-1837267516\">Suivez la couverture compl\u00e8te<\/p>\n<p style=\"font-weight:800\" class=\"jsx-1837267516\">Ukraine-Russie : la perspective de n\u00e9gociations relanc\u00e9e ?<\/p>\n<p><\/a>Minute par minute3 MORTS EN UKRAINE13:36<\/p>\n<p>Le bilan des frappes russes ce mardi est d\u00e9sormais \u00e9valu\u00e9 \u00e0 trois victimes : une dans la r\u00e9gion de Kiev, une autre dans celle de Khmelnytsky (ouest) et une fillette dans celle de Jytomyr (centre-ouest), selon les autorit\u00e9s locales. Plus de dix personnes, dont des enfants, ont \u00e9t\u00e9 bless\u00e9es.<\/p>\n<p>AU MOINS 2 MORTS EN UKRAINE10:19<\/p>\n<p>Au moins deux personnes ont \u00e9t\u00e9 tu\u00e9es et plusieurs bless\u00e9es mardi en Ukraine dans des frappes de drones et missiles russes ayant touch\u00e9 ses infrastructures \u00e9nerg\u00e9tiques, provoquant de nouvelles coupures de courant. Selon le pr\u00e9sident Volodymyr Zelensky, 13 r\u00e9gions du pays ont \u00e9t\u00e9 frapp\u00e9es par une vague de plus de 650 drones et 30 missiles, dont la capitale, Kiev, o\u00f9 l&rsquo;alerte antia\u00e9rienne a sonn\u00e9 pendant plus de quatre heures.<\/p>\n<p>Deux personnes ont \u00e9t\u00e9 tu\u00e9es, une dans la r\u00e9gion de Kiev et l&rsquo;autre dans celle de Khmelnytsky (ouest), selon le d\u00e9compte des autorit\u00e9s locales, pr\u00e9cisant que plus de dix personnes, dont des enfants, ont \u00e9t\u00e9 bless\u00e9es \u00e0 travers le pays.<\/p>\n<p>COUPURES DE COURANT EN UKRAINE06:59<\/p>\n<p>Les autorit\u00e9s ukrainiennnes ont annonc\u00e9 ce mardi matin des coupures de courant dans plusieurs r\u00e9gions du pays \u00e0 la suite de frappes russes sur ses infrastructures. \u00ab\u00a0La Russie attaque une fois de plus nos infrastructures \u00e9nerg\u00e9tiques. En cons\u00e9quence, des coupures de courant d&rsquo;urgence ont \u00e9t\u00e9 d\u00e9clench\u00e9es dans plusieurs r\u00e9gions d&rsquo;Ukraine\u00a0\u00bb, a indiqu\u00e9 le minist\u00e8re de l&rsquo;Energie sur Telegram.<\/p>\n<p>L&rsquo;op\u00e9rateur \u00e9lectrique Ukrenergo a fait \u00e9tat d&rsquo;une \u00ab\u00a0attaque massive de missiles et de drones\u00a0\u00bb et dit que les travaux de r\u00e9paration d\u00e9marreraient d\u00e8s que la situation s\u00e9curitaire le permettrait.<\/p>\n<p>Il n&rsquo;a pas \u00e9t\u00e9 fait \u00e9tat de victime \u00e0 ce stade.<\/p>\n<p>La Russie frappe l&rsquo;Ukraine quasiment toutes les nuits, visant en particulier les infrastructures \u00e9nerg\u00e9tiques, notamment en hiver, et causant r\u00e9guli\u00e8rement des victimes civiles.<\/p>\n<p>BONJOUR06:58<\/p>\n<p>Bienvenue dans ce direct comment\u00e9 d\u00e9di\u00e9 \u00e0 la situation en Ukraine et aux n\u00e9gociations de paix.<\/p>\n<p data-module=\"article-paragraph\" class=\"jsx-157965717 Paragraph Paragraph__End\">Lundi 22 d\u00e9cembre au matin, le g\u00e9n\u00e9ral Fanil Sarvarov, qui dirige le d\u00e9partement de la formation op\u00e9rationnelle au sein de l&rsquo;\u00e9tat-major des forces russes, <a href=\"https:\/\/www.tf1info.fr\/international\/guerre-ukraine-russie-ce-que-l-on-sait-sur-l-explosion-qui-a-tue-un-general-de-l-etat-major-russe-a-moscou-2414251.html\" target=\"_blank\" rel=\"noopener\">a \u00e9t\u00e9 tu\u00e9 dans l&rsquo;explosion d&rsquo;un engin d\u00e9pos\u00e9 sous une voiture<\/a> dans le sud de Moscou, a d\u00e9clar\u00e9 le Comit\u00e9 d&rsquo;enqu\u00eate russe. Les enqu\u00eateurs ont dit \u00e9tudier plusieurs pistes, dont une implication des services secrets ukrainiens. Une enqu\u00eate pour \u00ab\u00a0meurtre\u00a0\u00bb et \u00ab\u00a0trafic d&rsquo;explosifs\u00a0\u00bb a \u00e9t\u00e9 ouverte. Kiev n&rsquo;a pas comment\u00e9 dans l&rsquo;imm\u00e9diat l&rsquo;assassinat de ce g\u00e9n\u00e9ral.<\/p>\n<p data-module=\"article-paragraph\" class=\"jsx-157965717 Paragraph\">Sur le plan diplomatique, des r\u00e9unions s\u00e9par\u00e9es ont eu lieu <a href=\"https:\/\/www.tf1info.fr\/international\/en-direct-guerre-en-ukraine-russie-poutine-zelensky-washington-rencontre-negociations-miami-dernieres-informations-aujourd-hui-dimanche-21-decembre-2025-2414058.html\" target=\"_blank\" rel=\"noopener\">entre \u00e9missaires ukrainien et russe avec les Am\u00e9ricains en Floride<\/a> (sud-est des \u00c9tats-Unis), \u00e0 propos du plan destin\u00e9 \u00e0 mettre fin au conflit pr\u00e9sent\u00e9 par Washington il y a pr\u00e8s d&rsquo;un mois. Le vice-ministre russe des Affaires \u00e9trang\u00e8res, Sergue\u00ef Riabkov, a cependant temp\u00e9r\u00e9 les attentes lundi, \u00e9voquant seulement de \u00ab\u00a0lents progr\u00e8s\u00a0\u00bb et critiquant les dirigeants europ\u00e9ens, qui veulent selon lui \u00ab\u00a0faire d\u00e9railler le processus diplomatique\u00a0\u00bb engag\u00e9 avec Washington.<\/p>\n<p data-module=\"article-paragraph\" class=\"jsx-157965717 Paragraph Paragraph__End\">Sur le terrain, l&rsquo;arm\u00e9e russe a de nouveau frapp\u00e9 lundi la r\u00e9gion d&rsquo;Odessa, dans le sud de l&rsquo;Ukraine, o\u00f9 des infrastructures \u00e9lectriques ont \u00e9t\u00e9 touch\u00e9es, selon l&rsquo;op\u00e9rateur priv\u00e9 DTEK. Le pr\u00e9sident ukrainien, Volodymyr Zelensky, a accus\u00e9 la Russie de vouloir \u00ab\u00a0semer le chaos\u00a0\u00bb au sein de la population en plein hiver.<\/p>\n<p>La r\u00e9daction de TF1info<\/p>\n","protected":false},"excerpt":{"rendered":"Un g\u00e9n\u00e9ral russe a \u00e9t\u00e9 lundi matin dans l&rsquo;explosion d&rsquo;une voiture \u00e0 Moscou, ce dont la Russie accuse&hellip;\n","protected":false},"author":2,"featured_media":73527,"comment_status":"","ping_status":"","sticky":false,"template":"","format":"standard","meta":{"footnotes":""},"categories":[1591],"tags":[1111,11,1921,1887,28083,1922,12,1885,1886,132,220,1917,67457,133,1920],"class_list":{"0":"post-617909","1":"post","2":"type-post","3":"status-publish","4":"format-standard","5":"has-post-thumbnail","7":"category-russie","8":"tag-actu","9":"tag-actualites","10":"tag-article-video","11":"tag-federation-de-russie","12":"tag-guerre-en-ukraine-une-treve-sera-t-elle-possible","13":"tag-info","14":"tag-news","15":"tag-russia","16":"tag-russian-federation","17":"tag-russie","18":"tag-ukraine","19":"tag-ukraine-4-annee-de-guerre","20":"tag-ukraine-russie-la-perspective-de-negociations-relancee","21":"tag-video","22":"tag-video-international"},"share_on_mastodon":{"url":"https:\/\/pubeurope.com\/@fr\/115769043013153671","error":""},"_links":{"self":[{"href":"https:\/\/www.europesays.com\/fr\/wp-json\/wp\/v2\/posts\/617909","targetHints":{"allow":["GET"]}}],"collection":[{"href":"https:\/\/www.europesays.com\/fr\/wp-json\/wp\/v2\/posts"}],"about":[{"href":"https:\/\/www.europesays.com\/fr\/wp-json\/wp\/v2\/types\/post"}],"author":[{"embeddable":true,"href":"https:\/\/www.europesays.com\/fr\/wp-json\/wp\/v2\/users\/2"}],"replies":[{"embeddable":true,"href":"https:\/\/www.europesays.com\/fr\/wp-json\/wp\/v2\/comments?post=617909"}],"version-history":[{"count":0,"href":"https:\/\/www.europesays.com\/fr\/wp-json\/wp\/v2\/posts\/617909\/revisions"}],"wp:featuredmedia":[{"embeddable":true,"href":"https:\/\/www.europesays.com\/fr\/wp-json\/wp\/v2\/media\/73527"}],"wp:attachment":[{"href":"https:\/\/www.europesays.com\/fr\/wp-json\/wp\/v2\/media?parent=617909"}],"wp:term":[{"taxonomy":"category","embeddable":true,"href":"https:\/\/www.europesays.com\/fr\/wp-json\/wp\/v2\/categories?post=617909"},{"taxonomy":"post_tag","embeddable":true,"href":"https:\/\/www.europesays.com\/fr\/wp-json\/wp\/v2\/tags?post=617909"}],"curies":[{"name":"wp","href":"https:\/\/api.w.org\/{rel}","templated":true}]}}