{"id":617914,"date":"2025-12-23T13:11:14","date_gmt":"2025-12-23T13:11:14","guid":{"rendered":"https:\/\/www.europesays.com\/fr\/617914\/"},"modified":"2025-12-23T13:11:14","modified_gmt":"2025-12-23T13:11:14","slug":"royaume-uni-greta-thunberg-arretee-pour-avoir-manifeste-son-soutien-aux-militants-de-palestine-action","status":"publish","type":"post","link":"https:\/\/www.europesays.com\/fr\/617914\/","title":{"rendered":"Royaume-Uni\u00a0: Greta Thunberg arr\u00eat\u00e9e pour avoir manifest\u00e9 son soutien aux militants de Palestine Action"},"content":{"rendered":"<p>Figure de la lutte en soutien du peuple palestinien, <a href=\"https:\/\/www.humanite.fr\/monde\/blocus-de-gaza\/flotille-pour-gaza-israel-expulse-de-force-greta-thunberg-et-trois-de-ses-compagnons-de-lutte\" target=\"_blank\" rel=\"noopener\">Greta Thunberg<\/a> a \u00e9t\u00e9 arr\u00eat\u00e9e, mardi 23\u00a0d\u00e9cembre, lors d\u2019une manifestation en soutien au collectif Palestine Action, \u00e0 Londres (Royaume-Uni). L\u2019interpellation a \u00e9t\u00e9 confirm\u00e9e par les associations Defend Our Juries et Prisoners for Palestine.<\/p>\n<p>\u00ab\u00a0Greta Thunberg tenait une pancarte sur laquelle on pouvait lire\u00a0: \u00ab\u00a0Je soutiens les prisonniers de Palestine Action. <a href=\"https:\/\/www.humanite.fr\/monde\/blocus-de-gaza\/privation-deau-et-de-nourriture-insultes-obligation-de-brandir-un-drapeau-israelien-greta-thundberg-et-les-militants-de-la-global-sumud-flotilla-maltraites-dans-une-prison-israeli\" target=\"_blank\" rel=\"noopener\">Je m\u2019oppose au g\u00e9nocide<\/a>\u00a0\u00bb\u00a0\u00bb, a annonc\u00e9 un porte-parole de Defend Our Juries, pr\u00e9cisant que la militante connue pour son engagement en faveur du climat avait \u00ab\u00a0\u00e9t\u00e9 arr\u00eat\u00e9e en vertu de la loi antiterroriste (britannique)\u00a0\u00bb. L\u2019article\u00a012 du texte en question interdit toute expression ou croyance en lien avec un groupe criminalis\u00e9.<\/p>\n<p>Le soutien \u00e0 la Palestine class\u00e9 comme terroriste<\/p>\n<p>Collectif sp\u00e9cialis\u00e9 dans les op\u00e9rations de terrain \u2013 comme l\u2019incursion dans des usines li\u00e9es \u00e0 l\u2019industrie de l\u2019armement \u2013 Palestine Action a \u00e9t\u00e9 <a href=\"https:\/\/www.humanite.fr\/monde\/guerre-israel-hamas\/a-londres-890-personnes-arretees-lors-dune-manifestation-de-soutien-a-long-palestine-action\" target=\"_blank\" rel=\"noreferrer noopener\">class\u00e9e comme terroriste<\/a> en juillet 2025, permettant ainsi l\u2019arrestation des personnes se rendant \u00e0 leurs rassemblements. Des membres du collectif sont notamment accus\u00e9s d\u2019\u00eatre les auteurs de jets de peintures sur deux avions militaires stationn\u00e9s dans une base a\u00e9rienne de la Royal Air Force.<\/p>\n<p>Cette mesure r\u00e9pressive a beau avoir \u00e9t\u00e9 jug\u00e9e \u00ab\u00a0disproportionn\u00e9e\u00a0\u00bb par les Nations unies (ONU) et d\u00e9nonc\u00e9e par des artistes comme le cin\u00e9aste britannique Ken Loach ou\u00a0<a href=\"https:\/\/www.humanite.fr\/monde\/irlande\/lactrice-irlandaise-sally-rooney-soutient-palestine-action\" target=\"_blank\" rel=\"noreferrer noopener\">la romanci\u00e8re irlandaise Sally Rooney<\/a>, les autorit\u00e9s ont multipli\u00e9 les arrestations au fil des rassemblements pour d\u00e9noncer le g\u00e9nocide commis par Isra\u00ebl \u00e0 Gaza.<\/p>\n<p>D\u00e9but septembre, <a href=\"https:\/\/www.humanite.fr\/monde\/guerre-israel-hamas\/a-londres-890-personnes-arretees-lors-dune-manifestation-de-soutien-a-long-palestine-action\" target=\"_blank\" rel=\"noopener\">ce sont 890 participants<\/a> \u00e0 une manifestation de soutien qui ont \u00e9t\u00e9 interpell\u00e9s par la police londonienne. Un mois plus t\u00f4t, les autorit\u00e9s britanniques avaient r\u00e9alis\u00e9 une op\u00e9ration similaire, avec <a href=\"https:\/\/www.humanite.fr\/monde\/palestine\/je-moppose-au-genocide-je-soutiens-palestine-action-au-royaume-uni-522-personnes-arretees-pour-apres-avoir-manifeste-contre-le-genocide-a-gaza\" target=\"_blank\" rel=\"noopener\">l\u2019arrestation de 521 manifestants<\/a> venus soutenir Palestine Action.<\/p>\n<p>Huit militants affili\u00e9s au groupe accus\u00e9 de terrorisme <a href=\"https:\/\/www.humanite.fr\/monde\/elbit-systems\/au-royaume-uni-24-membres-de-palestine-action-en-greve-de-la-faim-depuis-48-jours-face-a-lintransigeance-du-gouvernement\" target=\"_blank\" rel=\"noopener\">m\u00e8nent actuellement une gr\u00e8ve de la faim<\/a> \u00e0 partir des cellules o\u00f9 ils sont incarc\u00e9r\u00e9s. Malgr\u00e9 la multiplication des alertes, et une forte mobilisation, pour d\u00e9noncer les risques que prennent ces derniers \u2013 en danger de mort \u2013 le ministre de la Justice, David Lammy, refuse jusqu\u2019\u00e0 pr\u00e9sent de les rencontrer. Deux d\u2019entre eux ont \u00e9t\u00e9 hospitalis\u00e9s vendredi\u00a019 et samedi 20\u00a0d\u00e9cembre, apr\u00e8s plusieurs dizaines de jours de gr\u00e8ve.<\/p>\n<p>Pour une information libre sur la Palestine<\/p>\n<p>Nous avons \u00e9t\u00e9 l\u2019un des premiers m\u00e9dias fran\u00e7ais \u00e0 d\u00e9fendre le droit des Palestiniens \u00e0 disposer d\u2019un \u00c9tat viable dans le respect des r\u00e9solutions de l\u2019ONU. Et nous avons inlassablement d\u00e9fendu la paix au Proche-Orient. Aidez-nous \u00e0 continuer de vous informer sur ce qui se passe l\u00e0-bas. Gr\u00e2ce \u00e0 vos dons.<br \/><a href=\"https:\/\/www.humanite.fr\/lhumanite-cest-vous\" data-type=\"link\" data-id=\"https:\/\/www.humanite.fr\/lhumanite-cest-vous\" target=\"_blank\" rel=\"noopener\">Je veux en savoir plus\u00a0!<\/a><\/p>\n","protected":false},"excerpt":{"rendered":"Figure de la lutte en soutien du peuple palestinien, Greta Thunberg a \u00e9t\u00e9 arr\u00eat\u00e9e, mardi 23\u00a0d\u00e9cembre, lors d\u2019une&hellip;\n","protected":false},"author":2,"featured_media":617915,"comment_status":"","ping_status":"","sticky":false,"template":"","format":"standard","meta":{"footnotes":""},"categories":[1588],"tags":[11,1777,674,12,473,1853,1851,1850,1852],"class_list":{"0":"post-617914","1":"post","2":"type-post","3":"status-publish","4":"format-standard","5":"has-post-thumbnail","7":"category-royaume-uni","8":"tag-actualites","9":"tag-eu","10":"tag-europe","11":"tag-news","12":"tag-royaume-uni","13":"tag-royaume-uni-de-grande-bretagne-et-dirlande-du-nord","14":"tag-uk","15":"tag-united-kingdom","16":"tag-united-kingdom-of-great-britain-and-northern-ireland"},"share_on_mastodon":{"url":"https:\/\/pubeurope.com\/@fr\/115769054731102707","error":""},"_links":{"self":[{"href":"https:\/\/www.europesays.com\/fr\/wp-json\/wp\/v2\/posts\/617914","targetHints":{"allow":["GET"]}}],"collection":[{"href":"https:\/\/www.europesays.com\/fr\/wp-json\/wp\/v2\/posts"}],"about":[{"href":"https:\/\/www.europesays.com\/fr\/wp-json\/wp\/v2\/types\/post"}],"author":[{"embeddable":true,"href":"https:\/\/www.europesays.com\/fr\/wp-json\/wp\/v2\/users\/2"}],"replies":[{"embeddable":true,"href":"https:\/\/www.europesays.com\/fr\/wp-json\/wp\/v2\/comments?post=617914"}],"version-history":[{"count":0,"href":"https:\/\/www.europesays.com\/fr\/wp-json\/wp\/v2\/posts\/617914\/revisions"}],"wp:featuredmedia":[{"embeddable":true,"href":"https:\/\/www.europesays.com\/fr\/wp-json\/wp\/v2\/media\/617915"}],"wp:attachment":[{"href":"https:\/\/www.europesays.com\/fr\/wp-json\/wp\/v2\/media?parent=617914"}],"wp:term":[{"taxonomy":"category","embeddable":true,"href":"https:\/\/www.europesays.com\/fr\/wp-json\/wp\/v2\/categories?post=617914"},{"taxonomy":"post_tag","embeddable":true,"href":"https:\/\/www.europesays.com\/fr\/wp-json\/wp\/v2\/tags?post=617914"}],"curies":[{"name":"wp","href":"https:\/\/api.w.org\/{rel}","templated":true}]}}