{"id":617920,"date":"2025-12-23T13:14:14","date_gmt":"2025-12-23T13:14:14","guid":{"rendered":"https:\/\/www.europesays.com\/fr\/617920\/"},"modified":"2025-12-23T13:14:14","modified_gmt":"2025-12-23T13:14:14","slug":"lue-approuve-le-plan-de-restructuration-de-la-compagnie-aerienne-corsair","status":"publish","type":"post","link":"https:\/\/www.europesays.com\/fr\/617920\/","title":{"rendered":"l&rsquo;UE approuve le plan de restructuration de la compagnie a\u00e9rienne Corsair"},"content":{"rendered":"<p style=\"text-align:justify;\">AA \/ Istanbul \/ Ben Amed Azize Zougmore<\/p>\n<p style=\"text-align:justify;\">La Commission europ\u00e9enne a autoris\u00e9, mardi, une aide de l\u2019\u00c9tat fran\u00e7ais de 167,8 millions d\u2019euros en faveur de la compagnie a\u00e9rienne Corsair, estimant qu\u2019elle est conforme aux r\u00e8gles de l\u2019Union europ\u00e9enne en mati\u00e8re d\u2019aides d\u2019\u00c9tat.<\/p>\n<p style=\"text-align:justify;\">Cette mesure doit permettre de \u00ab garantir le retour de Corsair \u00e0 une viabilit\u00e9 \u00e0 long terme d\u2019ici la fin de la p\u00e9riode de restructuration \u00bb, a indiqu\u00e9 Bruxelles dans un communiqu\u00e9.<\/p>\n<p style=\"text-align:justify;\">L\u2019aide approuv\u00e9e se compose d\u2019une annulation de 80 millions d\u2019euros sur un pr\u00eat autoris\u00e9 en d\u00e9cembre 2020 et d\u2019un financement suppl\u00e9mentaire de 87,8 millions d\u2019euros. L\u2019autorisation est toutefois assortie de conditions visant \u00e0 limiter les distorsions de concurrence, notamment \u00ab une r\u00e9duction des rotations de vols et la lib\u00e9ration de cr\u00e9neaux horaires \u00bb, pr\u00e9cise la Commission.<\/p>\n<p style=\"text-align:justify;\">Corsair avait d\u00e9j\u00e0 b\u00e9n\u00e9fici\u00e9 fin 2020 d\u2019un soutien public, comprenant une aide \u00e0 la restructuration de 106,7 millions d\u2019euros et une aide compensatoire de 30,2 millions d\u2019euros li\u00e9e \u00e0 la crise du Covid-19. En septembre 2023, la France avait notifi\u00e9 une modification du plan initial, les autorit\u00e9s expliquant que celui-ci reposait sur \u00ab des hypoth\u00e8ses qui n\u2019\u00e9taient plus confirm\u00e9es \u00bb et que des \u00ab \u00e9v\u00e9nements ext\u00e9rieurs exceptionnels et impr\u00e9visibles \u00bb avaient eu \u00ab un impact particuli\u00e8rement d\u00e9favorable sur Corsair \u00bb.<\/p>\n<p style=\"text-align:justify;\">Apr\u00e8s l\u2019ouverture d\u2019une enqu\u00eate approfondie en f\u00e9vrier 2024, la Commission a estim\u00e9 que le plan r\u00e9vis\u00e9, \u00ab accompagn\u00e9 de nouvelles contributions propres, d\u2019hypoth\u00e8ses de viabilit\u00e9 actualis\u00e9es et de mesures compensatoires ad\u00e9quates \u00bb, r\u00e9pondait aux pr\u00e9occupations soulev\u00e9es et respectait les lignes directrices europ\u00e9ennes. Bruxelles conclut ainsi que l\u2019aide fran\u00e7aise est \u00ab compatible avec le march\u00e9 int\u00e9rieur \u00bb, sous r\u00e9serve du respect des conditions impos\u00e9es.<\/p>\n<p style=\"text-align:justify;\">Corsair est une compagnie a\u00e9rienne fran\u00e7aise bas\u00e9e \u00e0 l\u2019a\u00e9roport de Paris-Orly, immatricul\u00e9e en Guadeloupe, qui dessert principalement les r\u00e9gions ultrap\u00e9riph\u00e9riques fran\u00e7aises, notamment les Cara\u00efbes et l\u2019oc\u00e9an Indien.<\/p>\n<p>                            &#13;<br \/>\n                                <a href=\"https:\/\/www.aa.com.tr\/fr\/p\/abonnement\/1001\" target=\"_blank\" style=\"font-size:12px; color:#444; text-decoration:none;\" rel=\"noopener\">&#13;<br \/>\n                                    Seulement une partie des d\u00e9p\u00eaches, que l&rsquo;Agence Anadolu diffuse \u00e0 ses abonn\u00e9s via le Syst\u00e8me de Diffusion interne (HAS), est diffus\u00e9e sur le site de l&rsquo;AA, de mani\u00e8re r\u00e9sum\u00e9e. <b style=\"color:#1897F7\">Contactez-nous s&rsquo;il vous pla\u00eet pour vous abonner.<\/b>&#13;<br \/>\n                                <\/a>&#13;<\/p>\n","protected":false},"excerpt":{"rendered":"AA \/ Istanbul \/ Ben Amed Azize Zougmore La Commission europ\u00e9enne a autoris\u00e9, mardi, une aide de l\u2019\u00c9tat&hellip;\n","protected":false},"author":2,"featured_media":617921,"comment_status":"","ping_status":"","sticky":false,"template":"","format":"standard","meta":{"footnotes":""},"categories":[1586],"tags":[11,1785,7182,28871,40898,1777,674,1779,1011,27,12,25,12926,1778,364],"class_list":{"0":"post-617920","1":"post","2":"type-post","3":"status-publish","4":"format-standard","5":"has-post-thumbnail","7":"category-europe","8":"tag-actualites","9":"tag-anadolu-ajansi","10":"tag-aviation","11":"tag-commission-europenne","12":"tag-corsair","13":"tag-eu","14":"tag-europe","15":"tag-european-union","16":"tag-fr","17":"tag-france","18":"tag-news","19":"tag-republique-francaise","20":"tag-restructuration","21":"tag-ue","22":"tag-union-europeenne"},"share_on_mastodon":{"url":"https:\/\/pubeurope.com\/@fr\/115769066459583840","error":""},"_links":{"self":[{"href":"https:\/\/www.europesays.com\/fr\/wp-json\/wp\/v2\/posts\/617920","targetHints":{"allow":["GET"]}}],"collection":[{"href":"https:\/\/www.europesays.com\/fr\/wp-json\/wp\/v2\/posts"}],"about":[{"href":"https:\/\/www.europesays.com\/fr\/wp-json\/wp\/v2\/types\/post"}],"author":[{"embeddable":true,"href":"https:\/\/www.europesays.com\/fr\/wp-json\/wp\/v2\/users\/2"}],"replies":[{"embeddable":true,"href":"https:\/\/www.europesays.com\/fr\/wp-json\/wp\/v2\/comments?post=617920"}],"version-history":[{"count":0,"href":"https:\/\/www.europesays.com\/fr\/wp-json\/wp\/v2\/posts\/617920\/revisions"}],"wp:featuredmedia":[{"embeddable":true,"href":"https:\/\/www.europesays.com\/fr\/wp-json\/wp\/v2\/media\/617921"}],"wp:attachment":[{"href":"https:\/\/www.europesays.com\/fr\/wp-json\/wp\/v2\/media?parent=617920"}],"wp:term":[{"taxonomy":"category","embeddable":true,"href":"https:\/\/www.europesays.com\/fr\/wp-json\/wp\/v2\/categories?post=617920"},{"taxonomy":"post_tag","embeddable":true,"href":"https:\/\/www.europesays.com\/fr\/wp-json\/wp\/v2\/tags?post=617920"}],"curies":[{"name":"wp","href":"https:\/\/api.w.org\/{rel}","templated":true}]}}