{"id":617931,"date":"2025-12-23T13:26:18","date_gmt":"2025-12-23T13:26:18","guid":{"rendered":"https:\/\/www.europesays.com\/fr\/617931\/"},"modified":"2025-12-23T13:26:18","modified_gmt":"2025-12-23T13:26:18","slug":"caja-rural-seguros-rga-le-maillot-2026-actualite","status":"publish","type":"post","link":"https:\/\/www.europesays.com\/fr\/617931\/","title":{"rendered":"Caja Rural-Seguros RGA : Le maillot 2026 &#8211; Actualit\u00e9"},"content":{"rendered":"<p style=\"text-align: justify;\">Caja Rural-Seguros RGA mise sur la stabilit\u00e9. <strong><a href=\"https:\/\/www.directvelo.com\/equipe\/113\/caja-rural-seguros-rga\" target=\"_blank\" rel=\"noopener\">La ProTeam espagnole comptera 26 \u00e9l\u00e9ments en 2026<\/a><\/strong>, sans avoir trop modifi\u00e9 son groupe \u00e0 l&rsquo;intersaison.\u00a0<strong>\u00c0<\/strong> noter tout de m\u00eame le pari <strong><a href=\"https:\/\/www.directvelo.com\/coureur\/12162\/fernando-gaviria-rendon\" target=\"_blank\" rel=\"noopener\">Fernando Gaviria<\/a><\/strong>, qui n&rsquo;a plus gagn\u00e9 depuis pr\u00e8s de deux ans avec la Movistar et va essayer de se relancer.\u00a0Le Fran\u00e7ais\u00a0<strong><a href=\"https:\/\/www.directvelo.com\/coureur\/55791\/ellande-larronde\" target=\"_blank\" rel=\"noopener\">Ellande Larronde<\/a><\/strong>\u00a0rejoint lui l&rsquo;\u00e9quipe premi\u00e8re.\u00a0<\/p>\n<p style=\"text-align: justify;\">La formation ib\u00e9rique vient de d\u00e9voiler ce mardi midi le maillot que porteront ses coureurs tout au long de la prochaine saison. Il reste une nouvelle fois vert et blanc. Retrouvez-le en photos ci-dessous.<\/p>\n<p><img decoding=\"async\" src=\"https:\/\/www.europesays.com\/fr\/wp-content\/uploads\/2025\/12\/G82ZFKZWIAAz_PK.jpg\" alt=\"\"\/><br \/><img decoding=\"async\" src=\"https:\/\/www.europesays.com\/fr\/wp-content\/uploads\/2025\/12\/G82ZEAyWQAA8HNV.jpg\" alt=\"\"\/>\u00a0<\/p>\n","protected":false},"excerpt":{"rendered":"Caja Rural-Seguros RGA mise sur la stabilit\u00e9. La ProTeam espagnole comptera 26 \u00e9l\u00e9ments en 2026, sans avoir trop&hellip;\n","protected":false},"author":2,"featured_media":617932,"comment_status":"","ping_status":"","sticky":false,"template":"","format":"standard","meta":{"footnotes":""},"categories":[1411],"tags":[834,828,836,829,837,827,83,826,824,823,1154,207,814,817,815,816,822,821,832,211,839,1011,27,820,818,819,835,831,830,833,838,60,212,208,825],"class_list":{"0":"post-617931","1":"post","2":"type-post","3":"status-publish","4":"format-standard","5":"has-post-thumbnail","7":"category-cyclisme","8":"tag-attaque","9":"tag-belgique","10":"tag-braquet","11":"tag-bretagne","12":"tag-chute","13":"tag-competition","14":"tag-coupe-de-france","15":"tag-coureur","16":"tag-course-cyclisme","17":"tag-course-cycliste","18":"tag-cycling","19":"tag-cyclisme","20":"tag-direct","21":"tag-direct-velo","22":"tag-directvelo","23":"tag-directvelo-com","24":"tag-epreuve","25":"tag-epreuve-cycliste","26":"tag-federation-francaise-de-cyclisme","27":"tag-ffc","28":"tag-flandres","29":"tag-fr","30":"tag-france","31":"tag-live","32":"tag-live-course","33":"tag-live-epreuve","34":"tag-peloton","35":"tag-radio-peloton","36":"tag-radio-tour","37":"tag-ravitaillement","38":"tag-relance","39":"tag-sports","40":"tag-uci","41":"tag-velo","42":"tag-velos"},"share_on_mastodon":{"url":"https:\/\/pubeurope.com\/@fr\/115769114474649446","error":""},"_links":{"self":[{"href":"https:\/\/www.europesays.com\/fr\/wp-json\/wp\/v2\/posts\/617931","targetHints":{"allow":["GET"]}}],"collection":[{"href":"https:\/\/www.europesays.com\/fr\/wp-json\/wp\/v2\/posts"}],"about":[{"href":"https:\/\/www.europesays.com\/fr\/wp-json\/wp\/v2\/types\/post"}],"author":[{"embeddable":true,"href":"https:\/\/www.europesays.com\/fr\/wp-json\/wp\/v2\/users\/2"}],"replies":[{"embeddable":true,"href":"https:\/\/www.europesays.com\/fr\/wp-json\/wp\/v2\/comments?post=617931"}],"version-history":[{"count":0,"href":"https:\/\/www.europesays.com\/fr\/wp-json\/wp\/v2\/posts\/617931\/revisions"}],"wp:featuredmedia":[{"embeddable":true,"href":"https:\/\/www.europesays.com\/fr\/wp-json\/wp\/v2\/media\/617932"}],"wp:attachment":[{"href":"https:\/\/www.europesays.com\/fr\/wp-json\/wp\/v2\/media?parent=617931"}],"wp:term":[{"taxonomy":"category","embeddable":true,"href":"https:\/\/www.europesays.com\/fr\/wp-json\/wp\/v2\/categories?post=617931"},{"taxonomy":"post_tag","embeddable":true,"href":"https:\/\/www.europesays.com\/fr\/wp-json\/wp\/v2\/tags?post=617931"}],"curies":[{"name":"wp","href":"https:\/\/api.w.org\/{rel}","templated":true}]}}