{"id":617937,"date":"2025-12-23T13:29:16","date_gmt":"2025-12-23T13:29:16","guid":{"rendered":"https:\/\/www.europesays.com\/fr\/617937\/"},"modified":"2025-12-23T13:29:16","modified_gmt":"2025-12-23T13:29:16","slug":"casse-du-louvre-une-grille-de-protection-a-ete-installee-sur-la-fenetre-de-la-galerie-dapollon","status":"publish","type":"post","link":"https:\/\/www.europesays.com\/fr\/617937\/","title":{"rendered":"Casse du Louvre\u00a0: une grille de protection a \u00e9t\u00e9 install\u00e9e sur la fen\u00eatre de la galerie d\u2019Apollon"},"content":{"rendered":"<p class=\"paragraph text_align_left lp-f-body-02\">Un monte-charge quai Fran\u00e7ois Mitterrand (<a href=\"https:\/\/www.leparisien.fr\/paris-75\/paris-75001\/\" target=\"_self\" rel=\"noopener\">Ier arrondissement<\/a> de <a href=\"https:\/\/www.leparisien.fr\/paris-75\/\" target=\"_self\" rel=\"noopener\">Paris<\/a>), la sc\u00e8ne est d\u00e9sormais bien connue depuis le 19 octobre dernier. Mais ce mardi matin, pas de cambriolage <a href=\"https:\/\/www.leparisien.fr\/paris-75\/musee-du-louvre\/\" target=\"_self\" rel=\"noopener\">au Louvre<\/a>. Au contraire m\u00eame : une grille de protection a \u00e9t\u00e9 install\u00e9e sur la porte-fen\u00eatre de <a href=\"https:\/\/www.leparisien.fr\/culture-loisirs\/pour-moi-la-galerie-dapollon-etait-un-dossier-clos-apres-le-casse-la-patronne-du-louvre-prete-a-tenir-le-cap-01-12-2025-HKFW24WFQZGURMF7RJXN3S53YE.php\" target=\"_self\" rel=\"noopener\">la galerie d\u2019Apollon<\/a> du mus\u00e9e, celle qui avait \u00e9t\u00e9 emprunt\u00e9e par les cambrioleurs il y a deux mois.<\/p>\n<p class=\"\">La pr\u00e9sidente du Louvre, Laurence des Cars, avait assur\u00e9 la semaine derni\u00e8re devant les s\u00e9nateurs <a href=\"https:\/\/www.leparisien.fr\/paris-75\/casse-du-louvre-la-fenetre-de-la-galerie-dapollon-par-laquelle-se-sont-introduits-les-voleurs-sera-a-nouveau-protegee-avant-noel-17-12-2025-JLZOP4X6YZEYHK55375N2UCBMY.php\" target=\"_self\" rel=\"noopener\">qu\u2019une grille serait repos\u00e9e \u00ab avant No\u00ebl \u00bb<\/a>. Elle avait pr\u00e9cis\u00e9 que la pr\u00e9c\u00e9dente avait \u00e9t\u00e9 retir\u00e9e en 2003-2004, lors d\u2019importants travaux de restauration de la galerie d\u2019Apollon.<\/p>\n<p class=\"\">\u00ab C\u2019est l\u2019une des mesures d\u2019urgence d\u00e9cid\u00e9es apr\u00e8s le vol \u00bb, a indiqu\u00e9 Francis Steinbock, administrateur g\u00e9n\u00e9ral adjoint du mus\u00e9e. En d\u00e9but de matin\u00e9e, des ouvriers install\u00e9s sur un balcon ont r\u00e9ceptionn\u00e9 une imposante grille mont\u00e9e par un camion nacelle pour la fixer sur la porte-fen\u00eatre.<\/p>\n<p>D\u2019autres fen\u00eatres pourraient suivre<\/p>\n<p class=\"\">\u00ab Nous avions pris l\u2019engagement de le faire avant la fin de l\u2019ann\u00e9e \u00bb, a ajout\u00e9 le responsable, pr\u00e9cisant que l\u2019op\u00e9ration avait \u00e9t\u00e9 pilot\u00e9e par Fran\u00e7ois Ch\u00e2tillon, l\u2019architecte en chef des monuments historiques du Louvre. Des \u00ab r\u00e9flexions \u00bb sont en cours concernant la \u00ab s\u00e9curisation sur les autres fen\u00eatres \u00bb, a-t-il poursuivi.<\/p>\n<p class=\"lp-card-podcast-highlighting__title  lp-f-subtitle-05\">[2\/2] Vengeance et colis pi\u00e9g\u00e9\u00a0: le myst\u00e9rieux attentat de La\u00a0Baule<\/p>\n<p><a class=\"lp-card-podcast-highlighting__call-to-action\" data-page-type=\"HP\" data-block-name=\"podcast-highlight\">\u00c9couter<\/a><\/p>\n<p class=\"\">Comme annonc\u00e9, <a href=\"https:\/\/www.leparisien.fr\/faits-divers\/cameras-poste-de-surete-la-presidente-du-louvre-annonce-la-mise-en-place-de-plus-dune-vingtaine-de-mesures-durgence-19-11-2025-T2CKB4URCBH33LM2VCQRRZQUFY.php\" target=\"_self\" rel=\"noopener\">un poste de police mobile est d\u00e9sormais d\u00e9ploy\u00e9<\/a> dans la cour Napol\u00e9on. \u00ab Il sera pr\u00e9sent pendant toute la p\u00e9riode des f\u00eates de fin d\u2019ann\u00e9e ainsi que lors des pics de fr\u00e9quentation \u00bb, a confirm\u00e9 Francis Steinbock.<\/p>\n<p>\u00ab Le Louvre tire tous les le\u00e7ons \u00bb <\/p>\n<p class=\"\">Autre chantier majeur : <a href=\"https:\/\/www.leparisien.fr\/faits-divers\/videoprotection-detection-perimetrique-protection-des-oeuvres-limmense-defi-de-la-securite-au-louvre-20-10-2025-T4O2YPUHHZAHVJH4657IZ7LA3M.php\" target=\"_self\" rel=\"noopener\">le renforcement de la vid\u00e9osurveillance<\/a> sur les fa\u00e7ades du palais. \u00ab Nous avons annonc\u00e9 un dispositif d\u2019une centaine de cam\u00e9ras positionn\u00e9es autour du palais. Le march\u00e9 a \u00e9t\u00e9 sign\u00e9 et l\u2019installation pourra d\u00e9buter tout au long de l\u2019ann\u00e9e 2026 \u00bb , a-t-il pr\u00e9cis\u00e9.<\/p>\n<p class=\"\">Sur X, le mus\u00e9e a publi\u00e9 une vid\u00e9o de la pose de la grille. \u00ab Le Louvre tire toutes les le\u00e7on du vol du 19 octobre dernier et poursuit sa transformation et le renforcement de son architecture de sant\u00e9 \u00bb, \u00e9crit-il.<\/p>\n","protected":false},"excerpt":{"rendered":"Un monte-charge quai Fran\u00e7ois Mitterrand (Ier arrondissement de Paris), la sc\u00e8ne est d\u00e9sormais bien connue depuis le 19&hellip;\n","protected":false},"author":2,"featured_media":617938,"comment_status":"","ping_status":"","sticky":false,"template":"","format":"standard","meta":{"footnotes":""},"categories":[1358],"tags":[1348,1384,1385,1386,58,59,118,1011,27],"class_list":{"0":"post-617937","1":"post","2":"type-post","3":"status-publish","4":"format-standard","5":"has-post-thumbnail","7":"category-arts-et-design","8":"tag-arts","9":"tag-arts-and-design","10":"tag-arts-et-design","11":"tag-design","12":"tag-divertissement","13":"tag-entertainment","14":"tag-faits-divers","15":"tag-fr","16":"tag-france"},"share_on_mastodon":{"url":"https:\/\/pubeurope.com\/@fr\/115769125317573256","error":""},"_links":{"self":[{"href":"https:\/\/www.europesays.com\/fr\/wp-json\/wp\/v2\/posts\/617937","targetHints":{"allow":["GET"]}}],"collection":[{"href":"https:\/\/www.europesays.com\/fr\/wp-json\/wp\/v2\/posts"}],"about":[{"href":"https:\/\/www.europesays.com\/fr\/wp-json\/wp\/v2\/types\/post"}],"author":[{"embeddable":true,"href":"https:\/\/www.europesays.com\/fr\/wp-json\/wp\/v2\/users\/2"}],"replies":[{"embeddable":true,"href":"https:\/\/www.europesays.com\/fr\/wp-json\/wp\/v2\/comments?post=617937"}],"version-history":[{"count":0,"href":"https:\/\/www.europesays.com\/fr\/wp-json\/wp\/v2\/posts\/617937\/revisions"}],"wp:featuredmedia":[{"embeddable":true,"href":"https:\/\/www.europesays.com\/fr\/wp-json\/wp\/v2\/media\/617938"}],"wp:attachment":[{"href":"https:\/\/www.europesays.com\/fr\/wp-json\/wp\/v2\/media?parent=617937"}],"wp:term":[{"taxonomy":"category","embeddable":true,"href":"https:\/\/www.europesays.com\/fr\/wp-json\/wp\/v2\/categories?post=617937"},{"taxonomy":"post_tag","embeddable":true,"href":"https:\/\/www.europesays.com\/fr\/wp-json\/wp\/v2\/tags?post=617937"}],"curies":[{"name":"wp","href":"https:\/\/api.w.org\/{rel}","templated":true}]}}