{"id":617939,"date":"2025-12-23T13:31:22","date_gmt":"2025-12-23T13:31:22","guid":{"rendered":"https:\/\/www.europesays.com\/fr\/617939\/"},"modified":"2025-12-23T13:31:22","modified_gmt":"2025-12-23T13:31:22","slug":"atomise-par-la-derision-roselyne-bachelot-explique-ses-moqueries-envers-jordan-bardella-dans-quelle-epoque","status":"publish","type":"post","link":"https:\/\/www.europesays.com\/fr\/617939\/","title":{"rendered":"\u00ab Atomis\u00e9 par la d\u00e9rision \u00bb : Roselyne Bachelot explique ses moqueries envers Jordan Bardella dans \u00ab Quelle \u00e9poque ! \u00bb"},"content":{"rendered":"<p class=\"mb-4 text-lg md:leading-8 break-words\"><strong>mic drop &#8211; C\u2019est \u00e0 se demander o\u00f9 l\u2019ancienne ministre de la Culture trouve toute cette \u00e9nergie<\/strong><\/p>\n<p class=\"mb-4 text-lg md:leading-8 break-words\">Les <a href=\"https:\/\/www.20minutes.fr\/politique\/4191739-20251216-cirage-pompes-moque-bachelot-television-bardella-trouve-bien-inelegante?at_medium=RSS%20feed&amp;at_campaign=ynews&amp;utm_source=yahoo&amp;utm_medium=rss&amp;utm_campaign=news_feed&amp;utm_content=in_article_link\" rel=\"nofollow noopener\" target=\"_blank\" data-ylk=\"slk:remarques de Roselyne Bachelot;elm:context_link;itc:0;sec:content-canvas\" class=\"link \">remarques de Roselyne Bachelot<\/a> \u00e0 Jordan Bardella dans Quelle \u00e9poque ! deux semaines plus t\u00f4t ont bien amus\u00e9 le public. L\u2019ancienne ministre de la Culture, assise \u00e0 c\u00f4t\u00e9 du pr\u00e9sident du RN sur le plateau de l\u2019\u00e9mission de France 2, n\u2019a pu retenir quelques moqueries \u00e0 l\u2019\u00e9gard de l\u2019invit\u00e9 lorsqu\u2019on lui a propos\u00e9 de poser une question \u00e0 certains hommes politiques.<\/p>\n<p class=\"mb-4 text-lg md:leading-8 break-words\">\u00c0 l\u2019\u00e9vocation de Nicolas Sarkozy et de Donald Trump, Jordan Bardella a r\u00e9pondu la m\u00eame chose : \u00ab O\u00f9 trouve-t-il toute cette \u00e9nergie ? \u00bb, sans cacher son admiration envers le pr\u00e9sident am\u00e9ricain. <a href=\"https:\/\/www.20minutes.fr\/arts-stars\/medias\/4179458-20251015-roselyne-bachelot-inquiete-influence-medias-groupe-bollore?at_medium=RSS%20feed&amp;at_campaign=ynews&amp;utm_source=yahoo&amp;utm_medium=rss&amp;utm_campaign=news_feed&amp;utm_content=in_article_link\" rel=\"nofollow noopener\" target=\"_blank\" data-ylk=\"slk:Roselyne Bachelot;elm:context_link;itc:0;sec:content-canvas\" class=\"link \">Roselyne Bachelot<\/a> n\u2019a alors pu s\u2019emp\u00eacher de r\u00e9torquer : \u00ab Au secours\u2026 Le cirage de pompes ! \u00bb Le public a ri, mais beaucoup moins celui qui est \u00e9galement d\u00e9put\u00e9 europ\u00e9en : \u00ab Je vous trouve bien in\u00e9l\u00e9gante, madame Bachelot ! \u00bb.<\/p>\n<p class=\"mb-4 text-lg md:leading-8 break-words\">Plus tard, \u00e0 la mention de Vladimir Poutine, l\u2019ancienne ministre a r\u00e9pondu, hilare, \u00e0 la place de Jordan Bardella : \u00ab O\u00f9 trouve-t-il toute cette \u00e9nergie ? \u00bb<\/p>\n<p>L\u2019humour \u00e0 la place d\u2019un discours<\/p>\n<p class=\"mb-4 text-lg md:leading-8 break-words\">Interrog\u00e9e ce week-end par France Info sur cette s\u00e9quence, qui a largement \u00e9t\u00e9 partag\u00e9e sur la Toile, Roselyne Bachelot a expliqu\u00e9 ses commentaires.<\/p>\n<p class=\"mb-4 text-lg md:leading-8 break-words\">\u00ab Il a (eu) un regard tellement \u00e9namour\u00e9, extatique devant ce pr\u00e9sident des \u00c9tats-Unis qui s\u2019allie avec le pire ennemi de l\u2019Europe, (Vladimir) Poutine, qui a envahi l\u2019Ukraine, qui d\u00e9dommage une prostitu\u00e9e avec ses cr\u00e9dits de campagne, qui traite les journalistes de \u00ab\u00a0truie\u00a0\u00bb \u00bb, a-t-elle d\u00e9taill\u00e9 pour expliquer son indignation, avant de faire part de sa r\u00e9flexion sur le mo(&#8230;)<\/p>\n<p class=\"mb-4 text-lg md:leading-8 break-words\"><a href=\"https:\/\/www.20minutes.fr\/arts-stars\/people\/4192958-20251223-atomise-derision-roselyne-bachelot-explique-moqueries-envers-jordan-bardella-epoque?at_medium=RSS%20feed&amp;at_campaign=ynews&amp;utm_source=yahoo&amp;utm_medium=rss&amp;utm_campaign=news_feed&amp;utm_content=read_more_link&quot;\" rel=\"nofollow noopener\" target=\"_blank\" data-ylk=\"slk:Lire la suite sur 20minutes;elm:context_link;itc:0;sec:content-canvas\" class=\"link \">Lire la suite sur 20minutes<\/a><\/p>\n<p>\u00c0 lire aussi :<br \/><a href=\"https:\/\/www.20minutes.fr\/politique\/4188738-20251129-jordan-bardella-porte-plainte-apres-septuagenaire-casse-uf-tete?at_medium=RSS%20feed&amp;at_campaign=ynews&amp;utm_source=yahoo&amp;utm_medium=rss&amp;utm_campaign=news_feed&amp;utm_content=related_content_link\" rel=\"nofollow noopener\" target=\"_blank\" data-ylk=\"slk:Jordan Bardella porte plainte apr\u00e8s qu\u2019un septuag\u00e9naire lui a cass\u00e9 un \u0153uf sur la t\u00eate;elm:context_link;itc:0;sec:content-canvas\" class=\"link \">Jordan Bardella porte plainte apr\u00e8s qu\u2019un septuag\u00e9naire lui a cass\u00e9 un \u0153uf sur la t\u00eate<\/a><\/p>\n","protected":false},"excerpt":{"rendered":"mic drop &#8211; C\u2019est \u00e0 se demander o\u00f9 l\u2019ancienne ministre de la Culture trouve toute cette \u00e9nergie Les&hellip;\n","protected":false},"author":2,"featured_media":617940,"comment_status":"","ping_status":"","sticky":false,"template":"","format":"standard","meta":{"footnotes":""},"categories":[1356],"tags":[58,75,59,1011,27,1077,2616,3091,1325,58236,252,1364,135],"class_list":{"0":"post-617939","1":"post","2":"type-post","3":"status-publish","4":"format-standard","5":"has-post-thumbnail","7":"category-television","8":"tag-divertissement","9":"tag-donald-trump","10":"tag-entertainment","11":"tag-fr","12":"tag-france","13":"tag-jordan-bardella","14":"tag-ministre-de-la-culture","15":"tag-nicolas-sarkozy","16":"tag-president-des-etats-unis","17":"tag-roselyne-bachelot","18":"tag-television","19":"tag-tv","20":"tag-vladimir-poutine"},"share_on_mastodon":{"url":"https:\/\/pubeurope.com\/@fr\/115769133317539028","error":""},"_links":{"self":[{"href":"https:\/\/www.europesays.com\/fr\/wp-json\/wp\/v2\/posts\/617939","targetHints":{"allow":["GET"]}}],"collection":[{"href":"https:\/\/www.europesays.com\/fr\/wp-json\/wp\/v2\/posts"}],"about":[{"href":"https:\/\/www.europesays.com\/fr\/wp-json\/wp\/v2\/types\/post"}],"author":[{"embeddable":true,"href":"https:\/\/www.europesays.com\/fr\/wp-json\/wp\/v2\/users\/2"}],"replies":[{"embeddable":true,"href":"https:\/\/www.europesays.com\/fr\/wp-json\/wp\/v2\/comments?post=617939"}],"version-history":[{"count":0,"href":"https:\/\/www.europesays.com\/fr\/wp-json\/wp\/v2\/posts\/617939\/revisions"}],"wp:featuredmedia":[{"embeddable":true,"href":"https:\/\/www.europesays.com\/fr\/wp-json\/wp\/v2\/media\/617940"}],"wp:attachment":[{"href":"https:\/\/www.europesays.com\/fr\/wp-json\/wp\/v2\/media?parent=617939"}],"wp:term":[{"taxonomy":"category","embeddable":true,"href":"https:\/\/www.europesays.com\/fr\/wp-json\/wp\/v2\/categories?post=617939"},{"taxonomy":"post_tag","embeddable":true,"href":"https:\/\/www.europesays.com\/fr\/wp-json\/wp\/v2\/tags?post=617939"}],"curies":[{"name":"wp","href":"https:\/\/api.w.org\/{rel}","templated":true}]}}