{"id":617954,"date":"2025-12-23T13:39:15","date_gmt":"2025-12-23T13:39:15","guid":{"rendered":"https:\/\/www.europesays.com\/fr\/617954\/"},"modified":"2025-12-23T13:39:15","modified_gmt":"2025-12-23T13:39:15","slug":"la-marine-americaine-remet-les-cuirasses-au-gout-du-jour-avec-les-futurs-navires-de-la-classe-trump-zone-militaire","status":"publish","type":"post","link":"https:\/\/www.europesays.com\/fr\/617954\/","title":{"rendered":"La marine am\u00e9ricaine remet les cuirass\u00e9s au go\u00fbt du jour avec les futurs navires de la classe Trump &#8211; Zone Militaire"},"content":{"rendered":"<ol>\n<li><a href=\"https:\/\/news.google.com\/rss\/articles\/CBMi0AFBVV95cUxOaUc2ZnBvcDZMU2tGdHJhNG4zQk5Vamt6Sy05ZXdVMlJoQmptSndxUGNLZ3NuUzBiWjR5YW9pbWtTZ1kzeFE3RlF2VGQ0TmE5RHRnNmhZbXlyT1FGdlh6elNVRmhudzZNODFfNnUwT3dMUkJRamZlRlpvUm9Lc09WVlZhQ2Q5M2p5TlRiV0lXdWdqUGlyN2lFb0o2eHpUcFZWYTN0ektxeFBKT2lpeGptV3RQNW96Qjl0ak95WWJQbWphYVZpOG1vdHVNaHVQbHd4?oc=5\" target=\"_blank\" rel=\"noopener\">La marine am\u00e9ricaine remet les cuirass\u00e9s au go\u00fbt du jour avec les futurs navires de la classe Trump<\/a>&nbsp;&nbsp;Zone Militaire<\/li>\n<li><a href=\"https:\/\/news.google.com\/rss\/articles\/CBMi2wFBVV95cUxOaDBqak1RZWJjVnh1UDF1N0hfaUlDZVB2QVFHbUxHVnpoUDRkbjhtN05PZ0c2RUlpY2NpVUQxdmhsbTJyNzQyaEktNnVyS0w5VUJqc2FLbEJpczF3N1hZT2dmUDFoODljdmdwQ0NUc1N4SHRVX3MxcXVIdTBoWlBKWHZIV2NlWDQwMWNkeERwWHI2aDVRaFJaNU8zdHVXLURiNXNjSVJJdnVBTk5oeXNSQ2lRajV5VjhoblVuQ19DWUhWU09OWmJTd0RNbUJHc21UY281RGQtdEY3ejQ?oc=5\" target=\"_blank\" rel=\"noopener\">Donald Trump lance une nouvelle classe de navires de guerre \u00e0 son nom<\/a>&nbsp;&nbsp;Le Monde.fr<\/li>\n<li><a href=\"https:\/\/news.google.com\/rss\/articles\/CBMi1AFBVV95cUxQYTMwckpJYmprM1pkX2FDSlVCTFN1N25MX3hqeUlDd3R6T3J4ZmR0UEFnVWVMXzVUSFVYRWZ0NU1wSTBGREhpMURIcXNQZ21KaUNZbGx1dzdodlBDTTV1VWI0b1dFM2s5SVo4Z0ozNWx1TzRrMEVmSDlOenNYVDltMzNXQi1KNm5vaTBOakFZVlJ4NC1BYlQ3VFJEc0o0Y21RUnZnT0RHUjNEZzFYeDRINWtRYVM3cklVbHZZQkhxb05Nd2xCdzZmVmhCaFBKNkVkUkdrNA?oc=5\" target=\"_blank\" rel=\"noopener\">\u00ab Les plus meurtriers \u00bb : que sait-on des navires militaires lanc\u00e9s par Trump (\u00e0 son nom) ?<\/a>&nbsp;&nbsp;Le Point<\/li>\n<li><a href=\"https:\/\/news.google.com\/rss\/articles\/CBMiwwFBVV95cUxQamRacWFUTms3UTVPTUpwNXdlNzFhdHNDSnNtcHdTTVdOSGtlcXZBQVpPQjJUQklvY2ttamNlMmJ4aWI4UmlFZndjTVJUeE5paHhSMU1GSF91c0xNb0U3d3RSNFBydUU1VXBTLUliY3p3Vm1lbmRQYjY1aFpwaC10VFVxN2dNdHcwRndsdHl4X3hRYURyZzRjLXBMc2xRRXkxMTRVMzNNUnROQUZ4ZkllSzZHTnM2NDBleWM5bU5HMndZMG8?oc=5\" target=\"_blank\" rel=\"noopener\">Trump annonce un nouveau navire de guerre \u00ab\u00a0100 fois plus puissant que tous les cuirass\u00e9s jamais construits\u00a0\u00bb<\/a>&nbsp;&nbsp;Euronews.com<\/li>\n<li><a href=\"https:\/\/news.google.com\/rss\/articles\/CBMirAJBVV95cUxNaHd6ZUJETHI4MVZKallsMkE5R19Vd254eXZkSEpoSm5uSzdVU0ZJLXE4eHJHaFdrQzI4Nldud0ZxOWJaNFNDaGExd1VMLVNFdmZhS05Xb2JJWWwyTWxodlRFZkF0X1R5YWd0Y3Y1LVNqVUx3dVVRYmYzeFU0cndock50N3NoVHVKSUx0aTc0RG5NMk52SVVnLS1rb2NIM2NWcVZyckNneVFybnRtd3dzd3l2RDJrMjFMMFFmTm02V2xqZjlrc3FtYVVoTkVoclc0Ni1SV0d3aEw1UTBLcWtvc2M1OGtadlJBNTJyN3ROWUdoMlhSSnRhWEpYR1FMLThYNW5tMHJKcTJjRllLSHc0T0prLV9pWkdwOEZYMVhPSzJybUN6bUJBUk5BNV_SAbICQVVfeXFMT2cxUGdfOFFDMkJjNXFyMFQ5LXpYTW5XNjlKUE02NUJMZnBtUzRGZ3BiNU9KQTNJT3gyVWZCQkVMZE5zbXVwNmotNmU5TnNRUXExWjVrOFhUdG1JLWdVUmNEUHBaTWRxNUFOQ1VVQlJsblBrLTZmLW1kQ0d4elg4cDRlblQ0ZGctcGU4bUwyYTJmWU9lSWZRQUgzTkNFNmJ0b0tHQzFVMHZLTDRrWjRTamtnNkF3ODhXRVd0Nlp3enZINUxKeVhHZm1pWmlGMU16MGNXZmpiNEpDQXFIWDd4Mk9mZmVSZVA5TUZSVFNBOGFSaUNobG9YTzM5OVY0OXpsWEFLU1V4UUdYcmc3QmRKRVUtdENYYXVtcm9HdUYyWEdnT2JVTEVhZGlSWFotYklOYmFB?oc=5\" target=\"_blank\" rel=\"noopener\">Les actions de Hanwha Ocean bondissent de 6 % apr\u00e8s les commentaires de Donald Trump sur la construction de fr<\/a>&nbsp;&nbsp;Boursorama<\/li>\n<\/ol>\n","protected":false},"excerpt":{"rendered":"La marine am\u00e9ricaine remet les cuirass\u00e9s au go\u00fbt du jour avec les futurs navires de la classe Trump&nbsp;&nbsp;Zone&hellip;\n","protected":false},"author":2,"featured_media":617955,"comment_status":"","ping_status":"","sticky":false,"template":"","format":"standard","meta":{"footnotes":""},"categories":[5],"tags":[11,72822,72823,73,1011,27,14,72824,12,72825,30743,72826,28],"class_list":{"0":"post-617954","1":"post","2":"type-post","3":"status-publish","4":"format-standard","5":"has-post-thumbnail","7":"category-international","8":"tag-actualites","9":"tag-classe-trump","10":"tag-cuirasse","11":"tag-etats-unis","12":"tag-fr","13":"tag-france","14":"tag-international","15":"tag-mahan","16":"tag-news","17":"tag-puissance-navale","18":"tag-us-navy","19":"tag-uss-defiant","20":"tag-world"},"share_on_mastodon":{"url":"https:\/\/pubeurope.com\/@fr\/115769164792019212","error":""},"_links":{"self":[{"href":"https:\/\/www.europesays.com\/fr\/wp-json\/wp\/v2\/posts\/617954","targetHints":{"allow":["GET"]}}],"collection":[{"href":"https:\/\/www.europesays.com\/fr\/wp-json\/wp\/v2\/posts"}],"about":[{"href":"https:\/\/www.europesays.com\/fr\/wp-json\/wp\/v2\/types\/post"}],"author":[{"embeddable":true,"href":"https:\/\/www.europesays.com\/fr\/wp-json\/wp\/v2\/users\/2"}],"replies":[{"embeddable":true,"href":"https:\/\/www.europesays.com\/fr\/wp-json\/wp\/v2\/comments?post=617954"}],"version-history":[{"count":0,"href":"https:\/\/www.europesays.com\/fr\/wp-json\/wp\/v2\/posts\/617954\/revisions"}],"wp:featuredmedia":[{"embeddable":true,"href":"https:\/\/www.europesays.com\/fr\/wp-json\/wp\/v2\/media\/617955"}],"wp:attachment":[{"href":"https:\/\/www.europesays.com\/fr\/wp-json\/wp\/v2\/media?parent=617954"}],"wp:term":[{"taxonomy":"category","embeddable":true,"href":"https:\/\/www.europesays.com\/fr\/wp-json\/wp\/v2\/categories?post=617954"},{"taxonomy":"post_tag","embeddable":true,"href":"https:\/\/www.europesays.com\/fr\/wp-json\/wp\/v2\/tags?post=617954"}],"curies":[{"name":"wp","href":"https:\/\/api.w.org\/{rel}","templated":true}]}}