{"id":617956,"date":"2025-12-23T13:40:16","date_gmt":"2025-12-23T13:40:16","guid":{"rendered":"https:\/\/www.europesays.com\/fr\/617956\/"},"modified":"2025-12-23T13:40:16","modified_gmt":"2025-12-23T13:40:16","slug":"tu-sais-pas-qui-je-suis-a-creil-un-jeune-interpelle-trois-fois-en-deux-jours-sur-le-meme-point-de-deal","status":"publish","type":"post","link":"https:\/\/www.europesays.com\/fr\/617956\/","title":{"rendered":"\u00ab\u00a0Tu sais pas qui je suis\u00a0\u00bb\u00a0: \u00e0 Creil, un jeune interpell\u00e9 trois fois en deux jours sur le m\u00eame point de deal"},"content":{"rendered":"<p class=\"paragraph text_align_left lp-f-body-02\">Les policiers creillois le savent mieux que personne, la lutte contre le <a href=\"https:\/\/www.leparisien.fr\/oise-60\/decourager-la-demande-et-gener-loffre-a-creil-des-policiers-ont-occupe-les-principaux-points-de-deal-toute-la-journee-27-01-2023-L6FEEEUPI5BQ5MXKLPSV74SUBA.php\" target=\"_self\" rel=\"noopener\">trafic de stup\u00e9fiants <\/a>s\u2019av\u00e8re souvent longue et fastidieuse. Et quand elle concerne Herwann P., 19 ans, on peut m\u00eame affirmer qu\u2019il s\u2019agit d\u2019un perp\u00e9tuel recommencement.<\/p>\n<p class=\"\">Le 27 octobre dernier, des policiers sont appel\u00e9s en renfort pour aider leurs coll\u00e8gues, insult\u00e9s par un groupe de trois jeunes rue Henri-Dunant, \u00e0 <a href=\"https:\/\/www.leparisien.fr\/oise-60\/creil-60100\/\" target=\"_self\" rel=\"noopener\">Creil<\/a>, parmi lesquels Herwann P., vu en train de se d\u00e9barrasser d\u2019un petit sachet de cannabis. L\u2019interpellation est un peu houleuse et parsem\u00e9e d\u2019outrages.<\/p>\n<p class=\"\">Le jeune homme sort du commissariat avec une convocation pour une ordonnance p\u00e9nale mais quelques heures plus tard, les policiers le retrouvent sur le m\u00eame <a href=\"https:\/\/www.leparisien.fr\/oise-60\/on-sest-servi-de-sa-misere-lhomme-sans-papiers-servait-de-nourrice-aux-dealers-de-creil-17-04-2025-6TX5F6UM5NGQ5JURHVHYJ37XEY.php\" target=\"_self\" rel=\"noopener\">point de deal,<\/a> rue Dunant. Direction une nouvelle garde \u00e0 vue avec cette fois une convocation devant le tribunal en juge unique.<\/p>\n<p>\u00ab J\u2019\u00e9tais \u00e9nerv\u00e9 par ce que j\u2019ai pris un coup de genou \u00bb<\/p>\n<p class=\"\">Mais cette fois encore, les policiers vont retrouver Herwann P. quelques heures plus tard au m\u00eame endroit et en train de se livrer \u00e0 la m\u00eame et ill\u00e9gale activit\u00e9. Sa troisi\u00e8me garde \u00e0 vue en deux jours sera encore pire que les pr\u00e9c\u00e9dentes.<\/p>\n<p class=\"\">Insultes, menaces de mort, le jeune homme est intenable et il n\u2019est m\u00eame pas possible de proc\u00e9der \u00e0 son audition tant il est \u00e9nerv\u00e9 et incontr\u00f4lable. \u00ab Tu fais le malin, mais tu sais pas qui je suis \u00bb, lance-t-il \u00e0 un policier. \u00ab J\u2019\u00e9tais \u00e9nerv\u00e9 par ce que j\u2019ai pris un coup de genou dans la t\u00eate quand j\u2019\u00e9tais en cellule \u00bb, explique Herwann P. \u00e0 l\u2019audience de ce lundi 22 d\u00e9cembre, au tribunal de Senlis.<\/p>\n<p>Interdit de s\u00e9jour dans l\u2019Oise pendant deux ans<\/p>\n<p class=\"\">Le jeune adulte n\u2019a pas encore de casier judiciaire mais \u00e9tait connu comme mineur, notamment dans des affaires de stup\u00e9fiants \u00e0 Compi\u00e8gne. \u00ab Il faut un \u00e9lectrochoc pour qu\u2019il prenne conscience de la gravit\u00e9 de ses actes \u00bb, analyse la substitute du procureur, en r\u00e9clamant 14 mois de prison dont dix mois avec sursis probatoire.<\/p>\n<p class=\"\">\u00ab Il a \u00e9t\u00e9 mis \u00e0 la porte de chez lui par sa m\u00e8re, il a d\u00fb renoncer \u00e0 poursuivre son BTS, d\u00e9taille Me Amandine Fontaine-Tardu, avocate de la d\u00e9fense. C\u2019est un enfant, pas un adulte, il ne faut pas l\u2019interdire de s\u00e9jour \u00e0 Creil, il faut lui interdire d\u2019\u00eatre pr\u00e9sent dans l\u2019Oise, son p\u00e8re est pr\u00eat \u00e0 l\u2019accueillir dans le Var. \u00bb<\/p>\n<p class=\"\">Le tribunal a exauc\u00e9 ce v\u0153u, Herwann P. a \u00e9t\u00e9 condamn\u00e9 \u00e0 dix mois de prison avec sursis et est interdit de s\u00e9jour dans l\u2019Oise pour une dur\u00e9e de deux ans. Il n\u2019a donc plus aucune raison, cette fois, de se trouver rue Henri-Dunant, \u00e0 Creil.<\/p>\n","protected":false},"excerpt":{"rendered":"Les policiers creillois le savent mieux que personne, la lutte contre le trafic de stup\u00e9fiants s\u2019av\u00e8re souvent longue&hellip;\n","protected":false},"author":2,"featured_media":617957,"comment_status":"","ping_status":"","sticky":false,"template":"","format":"standard","meta":{"footnotes":""},"categories":[4],"tags":[11,118,1011,27,1944,12,1940,25],"class_list":{"0":"post-617956","1":"post","2":"type-post","3":"status-publish","4":"format-standard","5":"has-post-thumbnail","7":"category-france","8":"tag-actualites","9":"tag-faits-divers","10":"tag-fr","11":"tag-france","12":"tag-ma-ville","13":"tag-news","14":"tag-oise","15":"tag-republique-francaise"},"share_on_mastodon":{"url":"https:\/\/pubeurope.com\/@fr\/115769168703285336","error":""},"_links":{"self":[{"href":"https:\/\/www.europesays.com\/fr\/wp-json\/wp\/v2\/posts\/617956","targetHints":{"allow":["GET"]}}],"collection":[{"href":"https:\/\/www.europesays.com\/fr\/wp-json\/wp\/v2\/posts"}],"about":[{"href":"https:\/\/www.europesays.com\/fr\/wp-json\/wp\/v2\/types\/post"}],"author":[{"embeddable":true,"href":"https:\/\/www.europesays.com\/fr\/wp-json\/wp\/v2\/users\/2"}],"replies":[{"embeddable":true,"href":"https:\/\/www.europesays.com\/fr\/wp-json\/wp\/v2\/comments?post=617956"}],"version-history":[{"count":0,"href":"https:\/\/www.europesays.com\/fr\/wp-json\/wp\/v2\/posts\/617956\/revisions"}],"wp:featuredmedia":[{"embeddable":true,"href":"https:\/\/www.europesays.com\/fr\/wp-json\/wp\/v2\/media\/617957"}],"wp:attachment":[{"href":"https:\/\/www.europesays.com\/fr\/wp-json\/wp\/v2\/media?parent=617956"}],"wp:term":[{"taxonomy":"category","embeddable":true,"href":"https:\/\/www.europesays.com\/fr\/wp-json\/wp\/v2\/categories?post=617956"},{"taxonomy":"post_tag","embeddable":true,"href":"https:\/\/www.europesays.com\/fr\/wp-json\/wp\/v2\/tags?post=617956"}],"curies":[{"name":"wp","href":"https:\/\/api.w.org\/{rel}","templated":true}]}}