{"id":617964,"date":"2025-12-23T13:44:19","date_gmt":"2025-12-23T13:44:19","guid":{"rendered":"https:\/\/www.europesays.com\/fr\/617964\/"},"modified":"2025-12-23T13:44:19","modified_gmt":"2025-12-23T13:44:19","slug":"rn59-fermeture-de-la-bretelle-dentree-en-direction-de-nancy-de-lechangeur-de-sainte-marguerite","status":"publish","type":"post","link":"https:\/\/www.europesays.com\/fr\/617964\/","title":{"rendered":"RN59 \u2013 Fermeture de la bretelle d\u2019entr\u00e9e en direction de Nancy de l\u2019\u00e9changeur de Sainte-Marguerite"},"content":{"rendered":"<p>\t\t\t<img loading=\"lazy\" width=\"705\" height=\"450\" src=\"https:\/\/www.europesays.com\/fr\/wp-content\/uploads\/2025\/12\/dir-est-e1664356222942.jpeg\" class=\"attachment-apostrophe-2-featured size-apostrophe-2-featured wp-post-image\" alt=\"\" decoding=\"async\" data-attachment-id=\"20220\" data-permalink=\"https:\/\/remiremontvallees.com\/2019\/06\/10\/fresse-sur-moselle-la-rn-66-fermee-de-nuit-du-mardi-11-juin-au-vendredi-21-juin-2019\/dir-est\/\" data-orig-file=\"https:\/\/i0.wp.com\/remiremontvallees.com\/wp-content\/uploads\/2019\/06\/dir-est-e1664356222942.jpeg?fit=705%2C470&amp;ssl=1\" data-orig-size=\"705,470\" data-comments-opened=\"1\" data-image-meta=\"{&quot;aperture&quot;:&quot;0&quot;,&quot;credit&quot;:&quot;&quot;,&quot;camera&quot;:&quot;&quot;,&quot;caption&quot;:&quot;&quot;,&quot;created_timestamp&quot;:&quot;0&quot;,&quot;copyright&quot;:&quot;&quot;,&quot;focal_length&quot;:&quot;0&quot;,&quot;iso&quot;:&quot;0&quot;,&quot;shutter_speed&quot;:&quot;0&quot;,&quot;title&quot;:&quot;&quot;,&quot;orientation&quot;:&quot;0&quot;}\" data-image-title=\"DIR EST\" data-image-description=\"\" data-image-caption=\"\" data-medium-file=\"https:\/\/i0.wp.com\/remiremontvallees.com\/wp-content\/uploads\/2019\/06\/dir-est-e1664356222942.jpeg?fit=300%2C200&amp;ssl=1\" data-large-file=\"https:\/\/i0.wp.com\/remiremontvallees.com\/wp-content\/uploads\/2019\/06\/dir-est-e1664356222942.jpeg?fit=705%2C470&amp;ssl=1\"\/>\t\t<\/p>\n<p>Du 29 d\u00e9cembre \u00e0 7 heures 30 au 31 d\u00e9cembre 2025 \u00e0 12 heures 00, la Direction Interd\u00e9partementale des Routes Est (DIR Est) pour le compte de l\u2019\u00c9tat, va proc\u00e9der \u00e0 des travaux de curage de bassin d\u2019assainissement dans la bretelle d\u2019entr\u00e9e en direction de Nancy.<\/p>\n<p>Les usagers sont invit\u00e9s \u00e0 rejoindre la RN59 au carrefour giratoire de Remomeix.<\/p>\n<p>Pour une route et un chantier plus s\u00fbrs, la DIR Est remercie les conducteurs de leur patience.<\/p>\n<p>Elle leur recommande la plus grande prudence en mod\u00e9rant leur vitesse et en respectant la signalisation de chantier.<\/p>\n<p>Ensemble, prot\u00e9geons les hommes et les femmes qui travaillent sur ce chantier.<\/p>\n<p>\t\t\tPartager cet article sur le r\u00e9seau de votre choix :J\u2019aime \u00e7a\u00a0:<\/p>\n<p>J\u2019aime chargement\u2026<\/p>\n<p><a class=\"sd-link-color\"\/><\/p>\n<p>\n\tArticles similaires<\/p>\n","protected":false},"excerpt":{"rendered":"Du 29 d\u00e9cembre \u00e0 7 heures 30 au 31 d\u00e9cembre 2025 \u00e0 12 heures 00, la Direction Interd\u00e9partementale&hellip;\n","protected":false},"author":2,"featured_media":533767,"comment_status":"","ping_status":"","sticky":false,"template":"","format":"standard","meta":{"footnotes":""},"categories":[9635],"tags":[1111,11,1777,674,1011,27,775,1702,12,25],"class_list":{"0":"post-617964","1":"post","2":"type-post","3":"status-publish","4":"format-standard","5":"has-post-thumbnail","7":"category-nancy","8":"tag-actu","9":"tag-actualites","10":"tag-eu","11":"tag-europe","12":"tag-fr","13":"tag-france","14":"tag-grand-est","15":"tag-nancy","16":"tag-news","17":"tag-republique-francaise"},"share_on_mastodon":{"url":"https:\/\/pubeurope.com\/@fr\/115769185786086811","error":""},"_links":{"self":[{"href":"https:\/\/www.europesays.com\/fr\/wp-json\/wp\/v2\/posts\/617964","targetHints":{"allow":["GET"]}}],"collection":[{"href":"https:\/\/www.europesays.com\/fr\/wp-json\/wp\/v2\/posts"}],"about":[{"href":"https:\/\/www.europesays.com\/fr\/wp-json\/wp\/v2\/types\/post"}],"author":[{"embeddable":true,"href":"https:\/\/www.europesays.com\/fr\/wp-json\/wp\/v2\/users\/2"}],"replies":[{"embeddable":true,"href":"https:\/\/www.europesays.com\/fr\/wp-json\/wp\/v2\/comments?post=617964"}],"version-history":[{"count":0,"href":"https:\/\/www.europesays.com\/fr\/wp-json\/wp\/v2\/posts\/617964\/revisions"}],"wp:featuredmedia":[{"embeddable":true,"href":"https:\/\/www.europesays.com\/fr\/wp-json\/wp\/v2\/media\/533767"}],"wp:attachment":[{"href":"https:\/\/www.europesays.com\/fr\/wp-json\/wp\/v2\/media?parent=617964"}],"wp:term":[{"taxonomy":"category","embeddable":true,"href":"https:\/\/www.europesays.com\/fr\/wp-json\/wp\/v2\/categories?post=617964"},{"taxonomy":"post_tag","embeddable":true,"href":"https:\/\/www.europesays.com\/fr\/wp-json\/wp\/v2\/tags?post=617964"}],"curies":[{"name":"wp","href":"https:\/\/api.w.org\/{rel}","templated":true}]}}