{"id":617965,"date":"2025-12-23T13:45:20","date_gmt":"2025-12-23T13:45:20","guid":{"rendered":"https:\/\/www.europesays.com\/fr\/617965\/"},"modified":"2025-12-23T13:45:20","modified_gmt":"2025-12-23T13:45:20","slug":"grippe-le-chru-de-nancy-recommande-le-masque-pour-tous-dans-son-etablissement","status":"publish","type":"post","link":"https:\/\/www.europesays.com\/fr\/617965\/","title":{"rendered":"Grippe\u00a0: le CHRU de Nancy recommande le masque pour tous dans son \u00e9tablissement"},"content":{"rendered":"<p>Alors que l&rsquo;\u00e9pid\u00e9mie de grippe progresse, avec un pic d&rsquo;\u00e9pid\u00e9mie annonc\u00e9 pour les f\u00eates de fin d&rsquo;ann\u00e9e, le CHRU de Nancy recommande de porter le masque \u00e0 ses employ\u00e9s, patients et visiteurs.<\/p>\n<p><strong>La grippe est d\u00e9sormais en phase \u00e9pid\u00e9mique<\/strong> dans le Grand Est. Selon l&rsquo;ARS, \u00ab\u00a0les indicateurs montrent une hausse marqu\u00e9e des syndromes grippaux, aussi bien en m\u00e9decine de ville qu\u2019\u00e0 l\u2019h\u00f4pital\u00a0: le taux de passages aux urgences li\u00e9s \u00e0 la grippe est pass\u00e9 de 0,6 % \u00e0 1,2 %, et les consultations aupr\u00e8s de SOS M\u00e9decins de 7 % \u00e0 10 % en une semaine.\u00a0\u00bb<\/p>\n<p>Une \u00e9pid\u00e9mie qui conduit le CHRU de Nancy a prendre des mesures, pour limiter au maximum la propagation du virus dans ses locaux. Ainsi,\u00a0depuis le 18 d\u00e9cembre, <strong>le port de masque en continu est recommand\u00e9 sur l\u2019\u00e9tablissement pour les professionnels, patients et visiteurs.<\/strong><\/p>\n<p>L&rsquo;h\u00f4pital rappelle \u00e9galement les bons gestes \u00e0 adopter\u00a0:<\/p>\n<ul>\n<li>Port du masque en continu recommand\u00e9<\/li>\n<li>Hygi\u00e8ne des mains<\/li>\n<li>Distanciation physique<\/li>\n<li>A\u00e9ration des locaux lorsque cela est possible<\/li>\n<li>Entretien renforc\u00e9e des surfaces manuport\u00e9es<\/li>\n<\/ul>\n<p>\u00c0 lire aussi   <img decoding=\"async\" src=\"https:\/\/www.europesays.com\/fr\/wp-content\/uploads\/2025\/12\/1766497520_198_400x400\" alt=\"\" style=\"--_image-preview:url('data:image\/jpeg;base64,\/9j\/2wBDACgcHiMeGSgjISMtKygwPGRBPDc3PHtYXUlkkYCZlo+AjIqgtObDoKrarYqMyP\/L2u71\/\/\/\/m8H\/\/\/\/6\/+b9\/\/j\/2wBDASstLTw1PHZBQXb4pYyl+Pj4+Pj4+Pj4+Pj4+Pj4+Pj4+Pj4+Pj4+Pj4+Pj4+Pj4+Pj4+Pj4+Pj4+Pj4+Pj4+Pj\/wAARCAAXACoDASIAAhEBAxEB\/8QAFwABAQEBAAAAAAAAAAAAAAAAAgADAf\/EABgQAQEBAQEAAAAAAAAAAAAAAAABAhES\/8QAFgEBAQEAAAAAAAAAAAAAAAAAAQAC\/8QAFBEBAAAAAAAAAAAAAAAAAAAAAP\/aAAwDAQACEQMRAD8AHSlYzRyslrK76CVWou3Y+w1Q6QE00zUmS0ldSKDUDiST\/9k=');\" loading=\"lazy\" fetchpriority=\"low\" aria-hidden=\"true\" class=\"svelte-1cksh76 rounded\" onload=\"this.__e=event\" onerror=\"this.__e=event\"\/><\/p>\n","protected":false},"excerpt":{"rendered":"Alors que l&rsquo;\u00e9pid\u00e9mie de grippe progresse, avec un pic d&rsquo;\u00e9pid\u00e9mie annonc\u00e9 pour les f\u00eates de fin d&rsquo;ann\u00e9e, le&hellip;\n","protected":false},"author":2,"featured_media":617966,"comment_status":"","ping_status":"","sticky":false,"template":"","format":"standard","meta":{"footnotes":""},"categories":[9635],"tags":[1111,11,1777,674,1011,27,775,1702,12,25],"class_list":{"0":"post-617965","1":"post","2":"type-post","3":"status-publish","4":"format-standard","5":"has-post-thumbnail","7":"category-nancy","8":"tag-actu","9":"tag-actualites","10":"tag-eu","11":"tag-europe","12":"tag-fr","13":"tag-france","14":"tag-grand-est","15":"tag-nancy","16":"tag-news","17":"tag-republique-francaise"},"share_on_mastodon":{"url":"https:\/\/pubeurope.com\/@fr\/115769188705363508","error":""},"_links":{"self":[{"href":"https:\/\/www.europesays.com\/fr\/wp-json\/wp\/v2\/posts\/617965","targetHints":{"allow":["GET"]}}],"collection":[{"href":"https:\/\/www.europesays.com\/fr\/wp-json\/wp\/v2\/posts"}],"about":[{"href":"https:\/\/www.europesays.com\/fr\/wp-json\/wp\/v2\/types\/post"}],"author":[{"embeddable":true,"href":"https:\/\/www.europesays.com\/fr\/wp-json\/wp\/v2\/users\/2"}],"replies":[{"embeddable":true,"href":"https:\/\/www.europesays.com\/fr\/wp-json\/wp\/v2\/comments?post=617965"}],"version-history":[{"count":0,"href":"https:\/\/www.europesays.com\/fr\/wp-json\/wp\/v2\/posts\/617965\/revisions"}],"wp:featuredmedia":[{"embeddable":true,"href":"https:\/\/www.europesays.com\/fr\/wp-json\/wp\/v2\/media\/617966"}],"wp:attachment":[{"href":"https:\/\/www.europesays.com\/fr\/wp-json\/wp\/v2\/media?parent=617965"}],"wp:term":[{"taxonomy":"category","embeddable":true,"href":"https:\/\/www.europesays.com\/fr\/wp-json\/wp\/v2\/categories?post=617965"},{"taxonomy":"post_tag","embeddable":true,"href":"https:\/\/www.europesays.com\/fr\/wp-json\/wp\/v2\/tags?post=617965"}],"curies":[{"name":"wp","href":"https:\/\/api.w.org\/{rel}","templated":true}]}}