{"id":617970,"date":"2025-12-23T13:49:12","date_gmt":"2025-12-23T13:49:12","guid":{"rendered":"https:\/\/www.europesays.com\/fr\/617970\/"},"modified":"2025-12-23T13:49:12","modified_gmt":"2025-12-23T13:49:12","slug":"completement-ivre-un-hongrois-de-27-ans-jette-des-pierres-sur-des-clients-attables-au-triangle-a-montpellier","status":"publish","type":"post","link":"https:\/\/www.europesays.com\/fr\/617970\/","title":{"rendered":"Compl\u00e8tement ivre, un Hongrois de 27 ans jette des pierres sur des clients attabl\u00e9s au Triangle \u00e0 Montpellier"},"content":{"rendered":"<p>\n                                                                Les faits se sont produits ce vendredi 19\u00a0d\u00e9cembre en milieu d\u2019apr\u00e8s-midi au Triangle \u00e0 Montpellier. Un Hongrois pr\u00e9sentant un taux de pr\u00e8s de 3\u00a0g d\u2019alcool dans le sang a \u00e9t\u00e9 ma\u00eetris\u00e9 par des passants et remis \u00e0 la police nationale.\n                            <\/p>\n<p>Vendredi 19\u00a0d\u00e9cembre, peu avant 16\u00a0heures, une altercation a attir\u00e9 l\u2019attention d\u2019un \u00e9quipage du groupe de s\u00e9curit\u00e9 de proximit\u00e9 au niveau du Polygone, \u00e0 Montpellier. Les policiers sont intervenus apr\u00e8s avoir \u00e9t\u00e9 alert\u00e9s par la clameur publique. Sur place, plusieurs passants venaient de ma\u00eetriser un homme particuli\u00e8rement agit\u00e9.<\/p>\n<p>Les faits se sont produits au niveau du Triangle, au-dessus des restaurants install\u00e9s en contrebas. L\u2019individu avait auparavant bris\u00e9 une jardini\u00e8re et en avait extrait plusieurs blocs de pierre. Il les a ensuite jet\u00e9s depuis le haut de l\u2019esplanade en direction des clients attabl\u00e9s et des personnes circulant en contrebas. Si les blocs n\u2019\u00e9taient pas de tr\u00e8s grande taille, leur projection repr\u00e9sentait un danger r\u00e9el pour les personnes prises pour cible.<\/p>\n<p>D\u00e9f\u00e9r\u00e9 au parquet<\/p>\n<p>L\u2019homme a \u00e9t\u00e9 interpell\u00e9 par les forces de l\u2019ordre puis plac\u00e9 en garde \u00e0 vue. Il s\u2019agit d\u2019un ressortissant hongrois \u00e2g\u00e9 de 27 ans. Lors de son audition, il a affirm\u00e9 ne pas se souvenir des faits, expliquant \u00eatre fortement alcoolis\u00e9 au moment de l\u2019incident. Un contr\u00f4le a en effet r\u00e9v\u00e9l\u00e9 un taux sup\u00e9rieur \u00e0 3\u00a0g d\u2019alcool dans le sang.<\/p>\n<p>Bien qu\u2019il ait exprim\u00e9 des regrets quant \u00e0 son comportement, \u00e0 l\u2019issue de sa garde \u00e0 vue, il a \u00e9t\u00e9 d\u00e9f\u00e9r\u00e9 au parquet de Montpellier, qui d\u00e9cidera des suites judiciaires \u00e0 donner \u00e0 cette affaire.<\/p>\n","protected":false},"excerpt":{"rendered":"Les faits se sont produits ce vendredi 19\u00a0d\u00e9cembre en milieu d\u2019apr\u00e8s-midi au Triangle \u00e0 Montpellier. Un Hongrois pr\u00e9sentant&hellip;\n","protected":false},"author":2,"featured_media":617971,"comment_status":"","ping_status":"","sticky":false,"template":"","format":"standard","meta":{"footnotes":""},"categories":[9599],"tags":[1111,11,1777,674,118,1011,27,7089,2208,12,2680,25],"class_list":{"0":"post-617970","1":"post","2":"type-post","3":"status-publish","4":"format-standard","5":"has-post-thumbnail","7":"category-montpellier","8":"tag-actu","9":"tag-actualites","10":"tag-eu","11":"tag-europe","12":"tag-faits-divers","13":"tag-fr","14":"tag-france","15":"tag-herault","16":"tag-montpellier","17":"tag-news","18":"tag-occitanie","19":"tag-republique-francaise"},"share_on_mastodon":{"url":"https:\/\/pubeurope.com\/@fr\/115769204222294449","error":""},"_links":{"self":[{"href":"https:\/\/www.europesays.com\/fr\/wp-json\/wp\/v2\/posts\/617970","targetHints":{"allow":["GET"]}}],"collection":[{"href":"https:\/\/www.europesays.com\/fr\/wp-json\/wp\/v2\/posts"}],"about":[{"href":"https:\/\/www.europesays.com\/fr\/wp-json\/wp\/v2\/types\/post"}],"author":[{"embeddable":true,"href":"https:\/\/www.europesays.com\/fr\/wp-json\/wp\/v2\/users\/2"}],"replies":[{"embeddable":true,"href":"https:\/\/www.europesays.com\/fr\/wp-json\/wp\/v2\/comments?post=617970"}],"version-history":[{"count":0,"href":"https:\/\/www.europesays.com\/fr\/wp-json\/wp\/v2\/posts\/617970\/revisions"}],"wp:featuredmedia":[{"embeddable":true,"href":"https:\/\/www.europesays.com\/fr\/wp-json\/wp\/v2\/media\/617971"}],"wp:attachment":[{"href":"https:\/\/www.europesays.com\/fr\/wp-json\/wp\/v2\/media?parent=617970"}],"wp:term":[{"taxonomy":"category","embeddable":true,"href":"https:\/\/www.europesays.com\/fr\/wp-json\/wp\/v2\/categories?post=617970"},{"taxonomy":"post_tag","embeddable":true,"href":"https:\/\/www.europesays.com\/fr\/wp-json\/wp\/v2\/tags?post=617970"}],"curies":[{"name":"wp","href":"https:\/\/api.w.org\/{rel}","templated":true}]}}