{"id":617972,"date":"2025-12-23T13:50:19","date_gmt":"2025-12-23T13:50:19","guid":{"rendered":"https:\/\/www.europesays.com\/fr\/617972\/"},"modified":"2025-12-23T13:50:19","modified_gmt":"2025-12-23T13:50:19","slug":"intemperies-dans-lherault-un-vol-entre-londres-et-montpellier-deroute-vers-marseille-a-cause-de-la-meteo","status":"publish","type":"post","link":"https:\/\/www.europesays.com\/fr\/617972\/","title":{"rendered":"Intemp\u00e9ries dans l\u2019H\u00e9rault\u00a0: un vol entre Londres et Montpellier d\u00e9rout\u00e9 vers Marseille \u00e0 cause de la m\u00e9t\u00e9o"},"content":{"rendered":"<p>\n                                                                Un vol EasyJet reliant Londres-Gatwick \u00e0 Montpellier a \u00e9t\u00e9 d\u00e9rout\u00e9 vers Marseille-Provence lundi 22\u00a0d\u00e9cembre en raison de conditions m\u00e9t\u00e9orologiques d\u00e9favorables \u00e0 l\u2019approche de l\u2019a\u00e9roport montpelli\u00e9rain.\n                            <\/p>\n<p>Londres-Montpellier via\u2026 Ce 22\u00a0d\u00e9cembre, les 173 passagers et les\u00a0membres d\u2019\u00e9quipage du vol de la compagnie \u00e0 bas co\u00fbt Easyjet ont vu leur trajet durer plus qu\u2019\u00e0 l\u2019accoutum\u00e9e\u00a0; La raison\u00a0? Les conditions m\u00e9t\u00e9orologiques d\u00e9favorables.\u00a0\u00c0 quelques minutes de se poser, d\u00e9cision a donc \u00e9t\u00e9 prise par les pilotes de se d\u00e9router vers l\u2019a\u00e9roport de Marseille-Provence o\u00f9 l\u2019appareil, un airbus A 320\u00a0200 s\u2019est finalement pos\u00e9 sans encombres\u00a0au milieu de la matin\u00e9e.<\/p>\n<p>Trois tours d\u2019hippodrome et un retour en bus pour les\u00a0passagers<\/p>\n<p>Apr\u00e8s avoir patient\u00e9 sur un hippodrome (*), au-dessus de Clermont-l\u2019H\u00e9rault et Paulhan, un quart-d\u2019heure durant, l\u2019\u00e9quipage du bir\u00e9acteur en provenance de l\u2019a\u00e9roport de Gatwick (au sud\u00a0Londres) a finalement demand\u00e9 son d\u00e9routement vers cet a\u00e9roport de d\u00e9gagement.\u00a0Il a donc fil\u00e9 vers la M\u00e9diterran\u00e9e, pass\u00e9e dans les environs de Marseillan, avant de gagner l\u2019a\u00e9roport de la cit\u00e9 phoc\u00e9enne o\u00f9 il a atterri \u00e0 9\u00a0h\u00a037 (9\u00a0h\u00a015 initialement pr\u00e9vu \u00e0 Montpellier-M\u00e9diterran\u00e9e).<\/p>\n<blockquote data-class=\"twitter-tweet\">\n<p lang=\"fr\" dir=\"ltr\">\\u2708\\ufe0fCe matin, le vol EasyJet <a href=\"https:\/\/twitter.com\/hashtag\/U28389?src=hash&amp;ref_src=twsrc%5Etfw\" target=\"_blank\" rel=\"noopener\">#U28389<\/a> (Londres \\u27a1\\ufe0f Montpellier) a \u00e9t\u00e9 d\u00e9rout\u00e9 sur MRS en raison de fortes intemp\u00e9ries. Les policiers du SPAFA Marseille ont pris en charge avec efficacit\u00e9 les 173 passagers, contr\u00f4l\u00e9s puis achemin\u00e9s par bus vers leur destination. \\ud83d\\udc6e\u200d\\u2642\\ufe0f\\ud83d\\udc6e\u200d\\u2640\\ufe0f <a href=\"https:\/\/t.co\/CEnt3qLfGf\">pic.twitter.com\/CEnt3qLfGf<\/a><\/p>\n<p>\u2014 Police nationale 13 (@PoliceNat13) <a href=\"https:\/\/twitter.com\/PoliceNat13\/status\/2003156078381691070?ref_src=twsrc%5Etfw\" target=\"_blank\" rel=\"noopener\">December 22, 2025<\/a><\/p><\/blockquote>\n<p>Pris en charge par les fonctionnaires du\u00a0Service de police sp\u00e9cialis\u00e9 dans la lutte contre l\u2019immigration irr\u00e9guli\u00e8re aux fronti\u00e8res selon nos confr\u00e8res du journal <a href=\"https:\/\/www.laprovence.com\/article\/societe\/2463920401687214\/un-avion-easyjet-reliant-londres-a-montpellier-detourne-sur-marseille-ce-lundi-en-raison-des-intemperies\" target=\"_blank\" rel=\"noopener\">La Provence<\/a>, les passagers ont ensuite regagn\u00e9 Montpellier \u00e0 bord de bus.<\/p>\n<p>Quant \u00e0 l\u2019appareil et son \u00e9quipage, ils ont finalement d\u00e9coll\u00e9 de l\u2019a\u00e9roport proven\u00e7al \u00e0 11\u00a0h\u00a023 et se sont pos\u00e9s sur la piste de l\u2019a\u00e9roport montpelli\u00e9rain \u00e0 11\u00a0h\u00a048\u00a0au terme d\u2019une approche r\u00e9ussie cette fois.<\/p>\n<p>(*) Un hippodrome est un circuit d\u2019attente sur lequel sont plac\u00e9s les avions. Notamment lorsque la densit\u00e9 du trafic le n\u00e9cessite, entre la phase de descente et celle de l\u2019atterrissage\u00a0; soit lors d\u2019al\u00e9as m\u00e9t\u00e9orologiques. Les avions sont alors plac\u00e9s \u00e0 une altitude et \u00e0 une vitesse d\u00e9finies par le contr\u00f4le a\u00e9rien et volent sur une trajectoire de forme oblongue.<\/p>\n<p>                                                                                                                                                                                                        <script async src=\"https:\/\/platform.twitter.com\/widgets.js\" charset=\"utf-8\"><\/script><\/p>\n","protected":false},"excerpt":{"rendered":"Un vol EasyJet reliant Londres-Gatwick \u00e0 Montpellier a \u00e9t\u00e9 d\u00e9rout\u00e9 vers Marseille-Provence lundi 22\u00a0d\u00e9cembre en raison de conditions&hellip;\n","protected":false},"author":2,"featured_media":617973,"comment_status":"","ping_status":"","sticky":false,"template":"","format":"standard","meta":{"footnotes":""},"categories":[9599],"tags":[1111,11,33,1777,674,1011,27,7089,2208,12,2680,25,800],"class_list":{"0":"post-617972","1":"post","2":"type-post","3":"status-publish","4":"format-standard","5":"has-post-thumbnail","7":"category-montpellier","8":"tag-actu","9":"tag-actualites","10":"tag-economie","11":"tag-eu","12":"tag-europe","13":"tag-fr","14":"tag-france","15":"tag-herault","16":"tag-montpellier","17":"tag-news","18":"tag-occitanie","19":"tag-republique-francaise","20":"tag-transports"},"share_on_mastodon":{"url":"https:\/\/pubeurope.com\/@fr\/115769208058453142","error":""},"_links":{"self":[{"href":"https:\/\/www.europesays.com\/fr\/wp-json\/wp\/v2\/posts\/617972","targetHints":{"allow":["GET"]}}],"collection":[{"href":"https:\/\/www.europesays.com\/fr\/wp-json\/wp\/v2\/posts"}],"about":[{"href":"https:\/\/www.europesays.com\/fr\/wp-json\/wp\/v2\/types\/post"}],"author":[{"embeddable":true,"href":"https:\/\/www.europesays.com\/fr\/wp-json\/wp\/v2\/users\/2"}],"replies":[{"embeddable":true,"href":"https:\/\/www.europesays.com\/fr\/wp-json\/wp\/v2\/comments?post=617972"}],"version-history":[{"count":0,"href":"https:\/\/www.europesays.com\/fr\/wp-json\/wp\/v2\/posts\/617972\/revisions"}],"wp:featuredmedia":[{"embeddable":true,"href":"https:\/\/www.europesays.com\/fr\/wp-json\/wp\/v2\/media\/617973"}],"wp:attachment":[{"href":"https:\/\/www.europesays.com\/fr\/wp-json\/wp\/v2\/media?parent=617972"}],"wp:term":[{"taxonomy":"category","embeddable":true,"href":"https:\/\/www.europesays.com\/fr\/wp-json\/wp\/v2\/categories?post=617972"},{"taxonomy":"post_tag","embeddable":true,"href":"https:\/\/www.europesays.com\/fr\/wp-json\/wp\/v2\/tags?post=617972"}],"curies":[{"name":"wp","href":"https:\/\/api.w.org\/{rel}","templated":true}]}}