{"id":617974,"date":"2025-12-23T13:51:11","date_gmt":"2025-12-23T13:51:11","guid":{"rendered":"https:\/\/www.europesays.com\/fr\/617974\/"},"modified":"2025-12-23T13:51:11","modified_gmt":"2025-12-23T13:51:11","slug":"pres-de-rouen-course-poursuite-dans-les-rues-lautomobiliste-endommage-sa-voiture-dans-un-rond-point","status":"publish","type":"post","link":"https:\/\/www.europesays.com\/fr\/617974\/","title":{"rendered":"Pr\u00e8s de Rouen. Course-poursuite dans les rues, l&rsquo;automobiliste endommage sa voiture dans un rond-point"},"content":{"rendered":"<p melodystyle=\"texte\">Lundi 22 d\u00e9cembre dans la soir\u00e9e, la police \u00e9tait en patrouille dans les rues de Saint-Etienne-du-Rouvray. Vers 22h30, elle rep\u00e8re une voiture roulant \u00e0 vive allure, rue Olivier Goubert, et d\u00e9cide de la contr\u00f4ler. A l&rsquo;int\u00e9rieur du v\u00e9hicule, trois personnes sont rep\u00e9r\u00e9es. Le conducteur refuse de s&rsquo;arr\u00eater. Une course-poursuite s&rsquo;engage. L&rsquo;automobiliste \u00e9teint ses feux. Il va griller un feu rouge et endommager sa voiture dans un rond-point (crevant son pneu arri\u00e8re droit).<\/p>\n<p>Sans assurance, ni contr\u00f4le technique<\/p>\n<p melodystyle=\"texte\">Gr\u00e2ce \u00e0 la vid\u00e9oprotection, les forces de l&rsquo;ordre retrouveront sa trace rue du Noyer des Boutti\u00e8res. Le v\u00e9hicule est \u00e0 l&rsquo;arr\u00eat et trois hommes tentent de se dissimuler. Ils sont contr\u00f4l\u00e9s. L&rsquo;un d&rsquo;eux, portant un bonnet, est identifi\u00e9 comme le conducteur. Sa voiture n&rsquo;\u00e9tait pas assur\u00e9e et n&rsquo;avait pas de contr\u00f4le technique. L&rsquo;homme a \u00e9t\u00e9 plac\u00e9 en garde \u00e0 vue et son v\u00e9hicule plac\u00e9 en fourri\u00e8re.<\/p>\n","protected":false},"excerpt":{"rendered":"Lundi 22 d\u00e9cembre dans la soir\u00e9e, la police \u00e9tait en patrouille dans les rues de Saint-Etienne-du-Rouvray. Vers 22h30,&hellip;\n","protected":false},"author":2,"featured_media":617975,"comment_status":"","ping_status":"","sticky":false,"template":"","format":"standard","meta":{"footnotes":""},"categories":[9587],"tags":[1111,11,1777,674,1011,27,12,5161,25,9590],"class_list":{"0":"post-617974","1":"post","2":"type-post","3":"status-publish","4":"format-standard","5":"has-post-thumbnail","7":"category-rouen","8":"tag-actu","9":"tag-actualites","10":"tag-eu","11":"tag-europe","12":"tag-fr","13":"tag-france","14":"tag-news","15":"tag-normandie","16":"tag-republique-francaise","17":"tag-rouen"},"share_on_mastodon":{"url":"https:\/\/pubeurope.com\/@fr\/115769211966771873","error":""},"_links":{"self":[{"href":"https:\/\/www.europesays.com\/fr\/wp-json\/wp\/v2\/posts\/617974","targetHints":{"allow":["GET"]}}],"collection":[{"href":"https:\/\/www.europesays.com\/fr\/wp-json\/wp\/v2\/posts"}],"about":[{"href":"https:\/\/www.europesays.com\/fr\/wp-json\/wp\/v2\/types\/post"}],"author":[{"embeddable":true,"href":"https:\/\/www.europesays.com\/fr\/wp-json\/wp\/v2\/users\/2"}],"replies":[{"embeddable":true,"href":"https:\/\/www.europesays.com\/fr\/wp-json\/wp\/v2\/comments?post=617974"}],"version-history":[{"count":0,"href":"https:\/\/www.europesays.com\/fr\/wp-json\/wp\/v2\/posts\/617974\/revisions"}],"wp:featuredmedia":[{"embeddable":true,"href":"https:\/\/www.europesays.com\/fr\/wp-json\/wp\/v2\/media\/617975"}],"wp:attachment":[{"href":"https:\/\/www.europesays.com\/fr\/wp-json\/wp\/v2\/media?parent=617974"}],"wp:term":[{"taxonomy":"category","embeddable":true,"href":"https:\/\/www.europesays.com\/fr\/wp-json\/wp\/v2\/categories?post=617974"},{"taxonomy":"post_tag","embeddable":true,"href":"https:\/\/www.europesays.com\/fr\/wp-json\/wp\/v2\/tags?post=617974"}],"curies":[{"name":"wp","href":"https:\/\/api.w.org\/{rel}","templated":true}]}}