{"id":617976,"date":"2025-12-23T13:52:16","date_gmt":"2025-12-23T13:52:16","guid":{"rendered":"https:\/\/www.europesays.com\/fr\/617976\/"},"modified":"2025-12-23T13:52:16","modified_gmt":"2025-12-23T13:52:16","slug":"le-programme-oser-communiquer-et-vendre-reconduit-a-rouen-et-bayeux","status":"publish","type":"post","link":"https:\/\/www.europesays.com\/fr\/617976\/","title":{"rendered":"Le programme Oser communiquer et vendre reconduit \u00e0 Rouen et Bayeux"},"content":{"rendered":"<p>Alliant formation collective et suivi individuel, ce dispositif hybride vise \u00e0 structurer les strat\u00e9gies commerciales et de communication des entrepreneuses normandes pour favoriser la p\u00e9rennit\u00e9 de leurs activit\u00e9s. <\/p>\n<p>L\u2019association Normandie Pionni\u00e8res lance la prochaine \u00e9tape de son programme Oser communiquer et vendre, en Seine-Maritime pour aider les entrepreneuses de la r\u00e9gion \u00e0 gagner en visibilit\u00e9 et \u00e0 booster leurs ventes. <\/p>\n<p>Un dispositif hybride pour structurer son activit\u00e9<\/p>\n<p>Afin de soutenir le d\u00e9veloppement \u00e9conomique au f\u00e9minin, Normandie Pionni\u00e8res d\u00e9ploie une nouvelle session de son programme Oser communiquer et vendre. Gr\u00e2ce \u00e0 des financements publics et priv\u00e9s, ce parcours, qui se d\u00e9roule entre Rouen et Bayeux, propose une m\u00e9thodologie concr\u00e8te pour b\u00e2tir une strat\u00e9gie m\u00e9diatique et commerciale adapt\u00e9e aux r\u00e9alit\u00e9s de chaque projet.<\/p>\n<p>Un parcours complet entre collectif et individuel<\/p>\n<p>Le programme accueille des promotions de 12 participantes autour d&rsquo;un cursus de plusieurs mois. Le calendrier s&rsquo;articule autour de six journ\u00e9es de formation collective consacr\u00e9es au positionnement de marque et aux techniques de vente, compl\u00e9t\u00e9es par 15 heures d&rsquo;apprentissage en ligne via la plateforme COMETE. Le module \u00ab OsER \u00bb se divise en deux axes : la communication op\u00e9rationnelle d&rsquo;une part, et la prospection commerciale (n\u00e9gociation et suivi client) d&rsquo;autre part. Pour affiner ces acquis, chaque entrepreneuse b\u00e9n\u00e9ficie de s\u00e9ances de coaching individuel et d&rsquo;un bilan de progression \u00e0 trois mois.<\/p>\n<p>Modalit\u00e9s d&rsquo;acc\u00e8s et calendrier<\/p>\n<p>Soutenu par l&rsquo;Etat, la R\u00e9gion et Bpifrance, ce parcours s&rsquo;adresse prioritairement aux cr\u00e9atrices d&rsquo;entreprise souhaitant consolider leurs ventes et stabiliser leurs revenus. Les prochaines sessions se d\u00e9rouleront \u00e0 compter du 12\u00a0janvier jusqu&rsquo;au 22\u00a0juin 2026, en alternance entre Rouen et Bayeux. Les candidates peuvent postuler via le formulaire en ligne disponible sur le site de l&rsquo;association Normandie Pionni\u00e8res. Un entretien individuel viendra valider leur participation et pr\u00e9ciser les modalit\u00e9s d\u2019inscription ainsi que de paiement.<\/p>\n","protected":false},"excerpt":{"rendered":"Alliant formation collective et suivi individuel, ce dispositif hybride vise \u00e0 structurer les strat\u00e9gies commerciales et de communication&hellip;\n","protected":false},"author":2,"featured_media":617977,"comment_status":"","ping_status":"","sticky":false,"template":"","format":"standard","meta":{"footnotes":""},"categories":[9587],"tags":[1111,11,1777,674,1011,27,12,5161,25,9590],"class_list":{"0":"post-617976","1":"post","2":"type-post","3":"status-publish","4":"format-standard","5":"has-post-thumbnail","7":"category-rouen","8":"tag-actu","9":"tag-actualites","10":"tag-eu","11":"tag-europe","12":"tag-fr","13":"tag-france","14":"tag-news","15":"tag-normandie","16":"tag-republique-francaise","17":"tag-rouen"},"share_on_mastodon":{"url":"https:\/\/pubeurope.com\/@fr\/115769215907506196","error":""},"_links":{"self":[{"href":"https:\/\/www.europesays.com\/fr\/wp-json\/wp\/v2\/posts\/617976","targetHints":{"allow":["GET"]}}],"collection":[{"href":"https:\/\/www.europesays.com\/fr\/wp-json\/wp\/v2\/posts"}],"about":[{"href":"https:\/\/www.europesays.com\/fr\/wp-json\/wp\/v2\/types\/post"}],"author":[{"embeddable":true,"href":"https:\/\/www.europesays.com\/fr\/wp-json\/wp\/v2\/users\/2"}],"replies":[{"embeddable":true,"href":"https:\/\/www.europesays.com\/fr\/wp-json\/wp\/v2\/comments?post=617976"}],"version-history":[{"count":0,"href":"https:\/\/www.europesays.com\/fr\/wp-json\/wp\/v2\/posts\/617976\/revisions"}],"wp:featuredmedia":[{"embeddable":true,"href":"https:\/\/www.europesays.com\/fr\/wp-json\/wp\/v2\/media\/617977"}],"wp:attachment":[{"href":"https:\/\/www.europesays.com\/fr\/wp-json\/wp\/v2\/media?parent=617976"}],"wp:term":[{"taxonomy":"category","embeddable":true,"href":"https:\/\/www.europesays.com\/fr\/wp-json\/wp\/v2\/categories?post=617976"},{"taxonomy":"post_tag","embeddable":true,"href":"https:\/\/www.europesays.com\/fr\/wp-json\/wp\/v2\/tags?post=617976"}],"curies":[{"name":"wp","href":"https:\/\/api.w.org\/{rel}","templated":true}]}}