{"id":617982,"date":"2025-12-23T13:56:15","date_gmt":"2025-12-23T13:56:15","guid":{"rendered":"https:\/\/www.europesays.com\/fr\/617982\/"},"modified":"2025-12-23T13:56:15","modified_gmt":"2025-12-23T13:56:15","slug":"rennes-doit-changer-de-braquet","status":"publish","type":"post","link":"https:\/\/www.europesays.com\/fr\/617982\/","title":{"rendered":"Rennes doit \u00ab\u00a0changer de braquet\u00a0\u00bb"},"content":{"rendered":"<p class=\"article__intro\">Longtemps per\u00e7ue comme une r\u00e9gion pr\u00e9serv\u00e9e, la Bretagne fait face \u00e0 une mont\u00e9e rapide des violences li\u00e9es au narcotrafic. \u00c0 Rennes, le procureur Fr\u00e9d\u00e9ric Teillet appelle \u00e0 acc\u00e9l\u00e9rer et \u00e0 renforcer les moyens policiers et judiciaires.<\/p>\n<p>\n      La Quotidienne Soci\u00e9t\u00e9\n    <\/p>\n<p>\n      De la vie quotidienne aux grands enjeux, recevez tous les jours les sujets qui font la soci\u00e9t\u00e9 locale, comme la justice, l\u2019\u00e9ducation, la sant\u00e9 et la famille.\n    <\/p>\n<p>    France T\u00e9l\u00e9visions utilise votre adresse e-mail afin de vous envoyer la newsletter \u00ab\u00a0La Quotidienne Soci\u00e9t\u00e9\u00a0\u00bb. Vous pouvez vous d\u00e9sinscrire \u00e0 tout moment via le lien en bas de cette newsletter. <a target=\"_blank\" href=\"https:\/\/www.francetelevisions.fr\/groupe\/confidentialite\/politique-de-confidentialite\/politique-de-confidentialite-de-france-televisions-6503\" rel=\"noopener\">Notre politique de confidentialit\u00e9<\/a><\/p>\n<p>Le constat est sans d\u00e9tour. Pour le procureur de la R\u00e9publique de Rennes, Fr\u00e9d\u00e9ric Teillet, la situation impose aujourd\u2019hui une acc\u00e9l\u00e9ration nette. \u00ab\u00a0Il faut imp\u00e9rativement continuer d\u2019augmenter les effectifs\u00a0\u00bb, mart\u00e8le-t-il. Police, magistrats, greffiers : tous les maillons sont concern\u00e9s. <a href=\"https:\/\/france3-regions.franceinfo.fr\/bretagne\/ille-et-vilaine\/rennes\/dans-ce-quartier-de-rennes-un-quotidien-mine-par-le-narcotrafic-sa-drogue-et-sa-violence-3070615.html\" target=\"_blank\" rel=\"noopener noreferrer nofollow\" data-tooltip-url=\"https:\/\/france3-regions.franceinfo.fr\/bretagne\/ille-et-vilaine\/rennes\/dans-ce-quartier-de-rennes-un-quotidien-mine-par-le-narcotrafic-sa-drogue-et-sa-violence-3070615.html\">La mont\u00e9e des violences li\u00e9es au narcotrafic<\/a> a chang\u00e9 la donne. Rennes, et plus largement la Bretagne, ne peuvent plus \u00eatre trait\u00e9es comme des territoires \u00e0 part.<\/p>\n<p>Pendant des ann\u00e9es, la Bretagne a \u00e9t\u00e9 vue moins touch\u00e9 par les grandes formes de criminalit\u00e9. Une image qui a pes\u00e9 sur les choix de l\u2019\u00c9tat. \u00ab\u00a0La r\u00e9gion ouest, et notamment Rennes, a longtemps \u00e9t\u00e9 per\u00e7ue comme moins impact\u00e9e\u00a0\u00bb, explique le procureur de la R\u00e9publique de Rennes. R\u00e9sultat : les moyens n\u2019ont pas suivi au m\u00eame rythme qu\u2019ailleurs.<\/p>\n<p>Cette p\u00e9riode est aujourd\u2019hui r\u00e9volue. <a href=\"https:\/\/france3-regions.franceinfo.fr\/bretagne\/ille-et-vilaine\/rennes\/fusillades-a-rennes-la-spirale-deux-ans-de-violences-liees-au-trafic-de-drogue-3270725.html\" target=\"_blank\" rel=\"noopener noreferrer nofollow\" data-tooltip-url=\"https:\/\/france3-regions.franceinfo.fr\/bretagne\/ille-et-vilaine\/rennes\/fusillades-a-rennes-la-spirale-deux-ans-de-violences-liees-au-trafic-de-drogue-3270725.html\">Rennes a connu huit fusillades en douze mois.<\/a> Des violences concentr\u00e9es dans plusieurs quartiers, avec des tirs \u00e0 l\u2019arme automatique, des bless\u00e9s et <a href=\"https:\/\/france3-regions.franceinfo.fr\/bretagne\/ille-et-vilaine\/rennes\/on-a-la-peur-au-ventre-l-angoisse-des-habitants-apres-une-nouvelle-fusillade-dans-un-quartier-de-rennes-3090121.html\" target=\"_blank\" rel=\"noopener noreferrer nofollow\" data-tooltip-url=\"https:\/\/france3-regions.franceinfo.fr\/bretagne\/ille-et-vilaine\/rennes\/on-a-la-peur-au-ventre-l-angoisse-des-habitants-apres-une-nouvelle-fusillade-dans-un-quartier-de-rennes-3090121.html\">des habitants qui vivent dans la peur<\/a>.<\/p>\n<p>Sur notre plateau, Fr\u00e9d\u00e9ric Teillet d\u00e9taille la situation.<\/p>\n<\/p>\n<p>Selon le procureur, le trafic de drogue a profond\u00e9ment \u00e9volu\u00e9. Les enjeux financiers sont d\u00e9sormais \u00ab\u00a0colossaux\u00a0\u00bb, notamment avec l\u2019arriv\u00e9e massive de coca\u00efne. Pour contr\u00f4ler les points de deal, les r\u00e9seaux sont pr\u00eats \u00e0 tout.<\/p>\n<p>Les t\u00eates des r\u00e9seaux sont souvent loin de Rennes, parfois \u00e0 l\u2019\u00e9tranger. Sur le terrain,<a href=\"https:\/\/france3-regions.franceinfo.fr\/bretagne\/ille-et-vilaine\/rennes\/une-nouvelle-fusillade-dans-le-quartier-villejean-fait-trois-blesses-par-arme-a-feu-3140423.html\" target=\"_blank\" rel=\"noopener noreferrer nofollow\" data-tooltip-url=\"https:\/\/france3-regions.franceinfo.fr\/bretagne\/ille-et-vilaine\/rennes\/une-nouvelle-fusillade-dans-le-quartier-villejean-fait-trois-blesses-par-arme-a-feu-3140423.html\"> ils font appel \u00e0 une main-d\u2019\u0153uvre mobile, venue d\u2019autres r\u00e9gions<\/a>, \u00ab\u00a0des mercenaires\u00a0\u00bb sans lien avec les quartiers et sans scrupules \u00e0 utiliser la violence.<\/p>\n<p>Autre \u00e9volution marquante : le recours de plus en plus fr\u00e9quent \u00e0 des mineurs et \u00e0 des personnes fragiles. Les trafiquants cherchent \u00e0 limiter leur risque p\u00e9nal. Ils recrutent aussi des adultes vuln\u00e9rables, parfois sous pression, pour cacher armes et drogue.<\/p>\n<p>Pour le procureur, ces m\u00e9thodes sont devenues \u00ab\u00a0habituelles\u00a0\u00bb et particuli\u00e8rement choquantes.<\/p>\n<p><a href=\"https:\/\/france3-regions.franceinfo.fr\/bretagne\/ille-et-vilaine\/rennes\/a-rennes-un-homme-de-28-ans-retrouve-mort-dans-sa-voiture-avec-des-plaies-par-arme-a-feu-3262217.html\" target=\"_blank\" rel=\"noopener noreferrer nofollow\" data-tooltip-url=\"https:\/\/france3-regions.franceinfo.fr\/bretagne\/ille-et-vilaine\/rennes\/a-rennes-un-homme-de-28-ans-retrouve-mort-dans-sa-voiture-avec-des-plaies-par-arme-a-feu-3262217.html\">Les auteurs de violences sont souvent identifi\u00e9s rapidement et incarc\u00e9r\u00e9s<\/a>. Mais la justice agit trop souvent apr\u00e8s les faits. \u00ab\u00a0Nous sommes en r\u00e9action\u00a0\u00bb, reconna\u00eet Fr\u00e9d\u00e9ric Teillet. Les arrestations peuvent calmer un territoire, mais elles ne suffisent pas \u00e0 d\u00e9manteler des r\u00e9seaux tr\u00e8s organis\u00e9s et mobiles.<\/p>\n<p>Les effectifs de police et de justice ont augment\u00e9 ces derni\u00e8res ann\u00e9es. Un groupe sp\u00e9cialis\u00e9 stup\u00e9fiants a \u00e9t\u00e9 renforc\u00e9, et le parquet a obtenu quelques postes suppl\u00e9mentaires. Mais pour le procureur, cela reste insuffisant.<\/p>\n<p>Il appelle \u00e0 \u00ab\u00a0changer de braquet\u00a0\u00bb : plus de policiers, plus de magistrats, plus de greffiers, au parquet comme au si\u00e8ge. \u00ab Nous avons besoin de juges pour juger les dossiers que nous instruisons \u00bb, insiste-t-il.<\/p>\n<p>Pour Fr\u00e9d\u00e9ric Teillet, le constat est clair : la Bretagne n\u2019est plus \u00e0 l\u2019\u00e9cart. La violence li\u00e9e au narcotrafic s\u2019est install\u00e9e. L\u2019\u00c9tat doit r\u00e9agir plus vite et plus fort. Sans cela, la pression restera forte dans les quartiers.<\/p>\n","protected":false},"excerpt":{"rendered":"Longtemps per\u00e7ue comme une r\u00e9gion pr\u00e9serv\u00e9e, la Bretagne fait face \u00e0 une mont\u00e9e rapide des violences li\u00e9es au&hellip;\n","protected":false},"author":2,"featured_media":617983,"comment_status":"","ping_status":"","sticky":false,"template":"","format":"standard","meta":{"footnotes":""},"categories":[2821],"tags":[1111,11,829,1777,674,1011,27,12,584,25],"class_list":{"0":"post-617982","1":"post","2":"type-post","3":"status-publish","4":"format-standard","5":"has-post-thumbnail","7":"category-rennes","8":"tag-actu","9":"tag-actualites","10":"tag-bretagne","11":"tag-eu","12":"tag-europe","13":"tag-fr","14":"tag-france","15":"tag-news","16":"tag-rennes","17":"tag-republique-francaise"},"share_on_mastodon":{"url":"https:\/\/pubeurope.com\/@fr\/115769231620434892","error":""},"_links":{"self":[{"href":"https:\/\/www.europesays.com\/fr\/wp-json\/wp\/v2\/posts\/617982","targetHints":{"allow":["GET"]}}],"collection":[{"href":"https:\/\/www.europesays.com\/fr\/wp-json\/wp\/v2\/posts"}],"about":[{"href":"https:\/\/www.europesays.com\/fr\/wp-json\/wp\/v2\/types\/post"}],"author":[{"embeddable":true,"href":"https:\/\/www.europesays.com\/fr\/wp-json\/wp\/v2\/users\/2"}],"replies":[{"embeddable":true,"href":"https:\/\/www.europesays.com\/fr\/wp-json\/wp\/v2\/comments?post=617982"}],"version-history":[{"count":0,"href":"https:\/\/www.europesays.com\/fr\/wp-json\/wp\/v2\/posts\/617982\/revisions"}],"wp:featuredmedia":[{"embeddable":true,"href":"https:\/\/www.europesays.com\/fr\/wp-json\/wp\/v2\/media\/617983"}],"wp:attachment":[{"href":"https:\/\/www.europesays.com\/fr\/wp-json\/wp\/v2\/media?parent=617982"}],"wp:term":[{"taxonomy":"category","embeddable":true,"href":"https:\/\/www.europesays.com\/fr\/wp-json\/wp\/v2\/categories?post=617982"},{"taxonomy":"post_tag","embeddable":true,"href":"https:\/\/www.europesays.com\/fr\/wp-json\/wp\/v2\/tags?post=617982"}],"curies":[{"name":"wp","href":"https:\/\/api.w.org\/{rel}","templated":true}]}}