{"id":617988,"date":"2025-12-23T13:59:13","date_gmt":"2025-12-23T13:59:13","guid":{"rendered":"https:\/\/www.europesays.com\/fr\/617988\/"},"modified":"2025-12-23T13:59:13","modified_gmt":"2025-12-23T13:59:13","slug":"planete-jeux-la-passion-du-jeu-au-coeur-de-nice","status":"publish","type":"post","link":"https:\/\/www.europesays.com\/fr\/617988\/","title":{"rendered":"Plan\u00e8te Jeux, la passion du jeu au c\u0153ur de Nice"},"content":{"rendered":"<p melodystyle=\"\">Ouverte le 11 septembre 2021, la boutique ni\u00e7oise install\u00e9e boulevard Raimbaldi est n\u00e9e de la volont\u00e9 de son fondateur, Yoann Gambet, de cr\u00e9er un commerce autour du jeu de soci\u00e9t\u00e9 apr\u00e8s des ann\u00e9es dans la vente de papier. Le magasin s\u2019adresse \u00e0 un public large, familial comme adulte, avec une ambition simple : faire en sorte que les clients passent un bon moment et repartent satisfaits de leurs achats.<\/p>\n<p>Un secteur en pleine expansion<\/p>\n<p melodystyle=\"\">Le jeu de soci\u00e9t\u00e9 conna\u00eet un dynamisme qui ne faiblit pas. Chaque ann\u00e9e, entre 1.000 et 1.500 nouveaut\u00e9s arrivent sur le march\u00e9, m\u00eame si toutes ne s\u2019installent pas durablement. Pour un commer\u00e7ant ind\u00e9pendant, cela implique une veille constante et un choix rigoureux des r\u00e9f\u00e9rences propos\u00e9es. Chez Plan\u00e8te Jeux, la s\u00e9lection se fait \u00e0 la fois en fonction des attentes de la client\u00e8le et des affinit\u00e9s de l\u2019\u00e9quipe. Le magasin se distingue \u00e9galement par la possibilit\u00e9 d\u2019essayer certains jeux sur place (moyennant 4\u20ac de consommation), ainsi que par l\u2019organisation r\u00e9guli\u00e8re de soir\u00e9es jeux, de sessions de jeux de r\u00f4le ou encore d\u2019anniversaires pour enfants. Une mani\u00e8re de rappeler que le jeu de soci\u00e9t\u00e9 est avant tout un outil de lien social, favorisant l\u2019\u00e9change, la r\u00e9flexion et le partage, loin des \u00e9crans.<\/p>\n<p><img width=\"640\" height=\"531\" src=\"https:\/\/www.europesays.com\/fr\/wp-content\/uploads\/2025\/12\/planete-jeux-la-passion-du-jeu-au-coeur-de-nice-2-1024x849.jpg\" class=\"attachment-large size-large\" alt=\"planete jeux la passion du jeu au coeur de nice 2\" decoding=\"async\" loading=\"lazy\"  \/>Yoann Gambet, fondateur de Plan\u00e8te Jeux.<\/p>\n<p>Une activit\u00e9 rythm\u00e9e par les saisons<\/p>\n<p melodystyle=\"\">Comme pour de nombreux commerces, la p\u00e9riode de No\u00ebl repr\u00e9sente un moment cl\u00e9 pour Plan\u00e8te Jeux. Elle peut concentrer jusqu\u2019\u00e0 un sixi\u00e8me du chiffre d\u2019affaires annuel, avec un panier moyen en hausse li\u00e9 aux achats de cadeaux. \u00c0 cela s\u2019ajoutent les mois d\u2019\u00e9t\u00e9, notamment ao\u00fbt, port\u00e9s par une client\u00e8le touristique internationale. Pour autant, la conjoncture actuelle se fait sentir. Si l\u2019activit\u00e9 globale reste en croissance pour cette jeune entreprise, le fondateur a observ\u00e9 une baisse du panier moyen ces derni\u00e8res semaines et une plus grande sensibilit\u00e9 aux prix. La concurrence de la grande distribution, capable de pratiquer des prix d\u2019appel agressifs, reste un enjeu majeur pour les boutiques ind\u00e9pendantes, qui misent avant tout sur le conseil et la diversit\u00e9. Dans ce contexte, Plan\u00e8te Jeux poursuit son d\u00e9veloppement, port\u00e9e par un march\u00e9 encore dynamique et une client\u00e8le fid\u00e8le. \u00c0 l\u2019heure des f\u00eates, l\u2019enseigne illustre la vitalit\u00e9 du commerce de proximit\u00e9 azur\u00e9en.\u00a0<\/p>\n","protected":false},"excerpt":{"rendered":"Ouverte le 11 septembre 2021, la boutique ni\u00e7oise install\u00e9e boulevard Raimbaldi est n\u00e9e de la volont\u00e9 de son&hellip;\n","protected":false},"author":2,"featured_media":617989,"comment_status":"","ping_status":"","sticky":false,"template":"","format":"standard","meta":{"footnotes":""},"categories":[2819],"tags":[1111,11,1777,674,1011,27,12,2401,882,25],"class_list":{"0":"post-617988","1":"post","2":"type-post","3":"status-publish","4":"format-standard","5":"has-post-thumbnail","7":"category-nice","8":"tag-actu","9":"tag-actualites","10":"tag-eu","11":"tag-europe","12":"tag-fr","13":"tag-france","14":"tag-news","15":"tag-nice","16":"tag-provence-alpes-cote-dazur","17":"tag-republique-francaise"},"share_on_mastodon":{"url":"https:\/\/pubeurope.com\/@fr\/115769245140900571","error":""},"_links":{"self":[{"href":"https:\/\/www.europesays.com\/fr\/wp-json\/wp\/v2\/posts\/617988","targetHints":{"allow":["GET"]}}],"collection":[{"href":"https:\/\/www.europesays.com\/fr\/wp-json\/wp\/v2\/posts"}],"about":[{"href":"https:\/\/www.europesays.com\/fr\/wp-json\/wp\/v2\/types\/post"}],"author":[{"embeddable":true,"href":"https:\/\/www.europesays.com\/fr\/wp-json\/wp\/v2\/users\/2"}],"replies":[{"embeddable":true,"href":"https:\/\/www.europesays.com\/fr\/wp-json\/wp\/v2\/comments?post=617988"}],"version-history":[{"count":0,"href":"https:\/\/www.europesays.com\/fr\/wp-json\/wp\/v2\/posts\/617988\/revisions"}],"wp:featuredmedia":[{"embeddable":true,"href":"https:\/\/www.europesays.com\/fr\/wp-json\/wp\/v2\/media\/617989"}],"wp:attachment":[{"href":"https:\/\/www.europesays.com\/fr\/wp-json\/wp\/v2\/media?parent=617988"}],"wp:term":[{"taxonomy":"category","embeddable":true,"href":"https:\/\/www.europesays.com\/fr\/wp-json\/wp\/v2\/categories?post=617988"},{"taxonomy":"post_tag","embeddable":true,"href":"https:\/\/www.europesays.com\/fr\/wp-json\/wp\/v2\/tags?post=617988"}],"curies":[{"name":"wp","href":"https:\/\/api.w.org\/{rel}","templated":true}]}}