{"id":618054,"date":"2025-12-23T14:47:13","date_gmt":"2025-12-23T14:47:13","guid":{"rendered":"https:\/\/www.europesays.com\/fr\/618054\/"},"modified":"2025-12-23T14:47:13","modified_gmt":"2025-12-23T14:47:13","slug":"un-ancien-gagnant-de-star-academy-decu-par-lemission","status":"publish","type":"post","link":"https:\/\/www.europesays.com\/fr\/618054\/","title":{"rendered":"un ancien gagnant de \u00abStar Academy\u00bb d\u00e9\u00e7u par l\u2019\u00e9mission"},"content":{"rendered":"<p>    Cyril Cinelu<br \/>\n                Wyters Alban\/ABACA<\/p>\n<p>\n    <strong>VID\u00c9O <\/strong>&#8211; Cyril Cinelu, vainqueur du t\u00e9l\u00e9crochet en 2006, raconte comment il a v\u00e9cu la suite de son parcours, presque vingt ans apr\u00e8s son passage sur TF1.<\/p>\n<p class=\"fig-paragraph\">Il a maintenant 38 ans et \u00abStar Academy\u00bb est devenue pour lui un lointain souvenir. Cyril Cinelu avait gagn\u00e9 l\u2019\u00e9mission en 2006 en r\u00e9coltant plus de la moiti\u00e9 des voix du public, face \u00e0 la finaliste Dominique Fidanza. Si le chanteur est devenu aujourd\u2019hui un artiste qui parvient \u00e0 vivre de son art, il raconte en avoir bav\u00e9 \u00e0 ses d\u00e9buts.<\/p>\n<p class=\"fig-paragraph\">Ce lundi 22 d\u00e9cembre, l\u2019ancien gagnant a publi\u00e9 sur son compte Instagram une publication dans laquelle il est revenu sur cette exp\u00e9rience t\u00e9l\u00e9vis\u00e9e. Accompagn\u00e9 de vid\u00e9os condens\u00e9es de ses prestations dans l\u2019aventure, il a racont\u00e9 le d\u00e9senchantement qu\u2019il a v\u00e9cu apr\u00e8s sa victoire, il y a 19 ans jour pour jour.<\/p>\n<p>                                                                <a class=\"fig-a11y-skip\" href=\"#fig-a11y-skip-main-inarticle\" data-module=\"a11y-skip\" data-context=\"was @visible\"><br \/>\n    Passer la publicit\u00e9<br \/>\n<\/a>            <\/p>\n<p class=\"fig-paragraph\">\u00ab19 ans que la \u201cStar Academy\u201d a chang\u00e9 ma vie. Mais derri\u00e8re la victoire, il y a eu des combats\u00bb, a introduit le chanteur. M\u00eame s\u2019il se dit reconnaissant de l\u2019impact de l\u2019\u00e9mission dans sa vie, il souligne de la m\u00eame mani\u00e8re, les difficult\u00e9s auxquels il s\u2019est confront\u00e9 \u00e0 sa sortie.<\/p>\n<p class=\"fig-paragraph\">\u00abJe me suis battu. J\u2019ai pleur\u00e9 dans mon coin. J\u2019ai encaiss\u00e9 les critiques sur ma voix, mon physique, ma couleur de peau\u00bb, a encore t\u00e9moign\u00e9 Cyril Cinelu. Apr\u00e8s une m\u00e9diatisation importante et un travail cons\u00e9quent au ch\u00e2teau de Dammarie-les-Lys, il raconte \u00e9galement s\u2019\u00eatre senti d\u00e9laiss\u00e9 par les membres de l\u2019\u00e9mission en coulisses\u00a0: \u00abLa musique m\u2019a tenu debout mais quand la production m\u2019a tourn\u00e9 le dos, eh oui \u00e7a fait aussi partie du jeu. Mais une chose est s\u00fbre et certaine, votre soutien m\u2019a port\u00e9, m\u00eame quand il \u00e9tait silencieux.\u00bb Son album Jusqu\u2019\u00e0 moi,\u00a0sorti par la suite en 2007, n\u2019avait cependant pas trouv\u00e9 pas le succ\u00e8s escompt\u00e9.<\/p>\n<p class=\"fig-paragraph\">Ce n\u2019est pas la premi\u00e8re fois que le candidat confie son amertume. D\u00e9j\u00e0 en novembre 2021, il s\u2019\u00e9tait exprim\u00e9 sur le plateau de \u00abIls ont refait la Une\u00bb sur VL M\u00e9dia. \u00abJ\u2019ai cass\u00e9 mon contrat apr\u00e8s an et demi, parce que je n\u2019avais pas trop de nouvelles. J\u2019\u00e9tais en tourn\u00e9e et personne ne m\u2019appelait pour me dire ce qui allait se passer\u00bb, avait-il d\u00e9clar\u00e9 aupr\u00e8s de la radio \u00e0 l\u2019\u00e9poque avant de pr\u00e9ciser avoir engag\u00e9 un avocat pour briser le contrat sign\u00e9 \u00e0 la \u00abStar Academy\u00bb.<\/p>\n","protected":false},"excerpt":{"rendered":"Cyril Cinelu Wyters Alban\/ABACA VID\u00c9O &#8211; Cyril Cinelu, vainqueur du t\u00e9l\u00e9crochet en 2006, raconte comment il a v\u00e9cu&hellip;\n","protected":false},"author":2,"featured_media":618055,"comment_status":"","ping_status":"","sticky":false,"template":"","format":"standard","meta":{"footnotes":""},"categories":[1356],"tags":[58,59,1011,27,5095,252,1364],"class_list":{"0":"post-618054","1":"post","2":"type-post","3":"status-publish","4":"format-standard","5":"has-post-thumbnail","7":"category-television","8":"tag-divertissement","9":"tag-entertainment","10":"tag-fr","11":"tag-france","12":"tag-star-academy","13":"tag-television","14":"tag-tv"},"share_on_mastodon":{"url":"https:\/\/pubeurope.com\/@fr\/115769432141365672","error":""},"_links":{"self":[{"href":"https:\/\/www.europesays.com\/fr\/wp-json\/wp\/v2\/posts\/618054","targetHints":{"allow":["GET"]}}],"collection":[{"href":"https:\/\/www.europesays.com\/fr\/wp-json\/wp\/v2\/posts"}],"about":[{"href":"https:\/\/www.europesays.com\/fr\/wp-json\/wp\/v2\/types\/post"}],"author":[{"embeddable":true,"href":"https:\/\/www.europesays.com\/fr\/wp-json\/wp\/v2\/users\/2"}],"replies":[{"embeddable":true,"href":"https:\/\/www.europesays.com\/fr\/wp-json\/wp\/v2\/comments?post=618054"}],"version-history":[{"count":0,"href":"https:\/\/www.europesays.com\/fr\/wp-json\/wp\/v2\/posts\/618054\/revisions"}],"wp:featuredmedia":[{"embeddable":true,"href":"https:\/\/www.europesays.com\/fr\/wp-json\/wp\/v2\/media\/618055"}],"wp:attachment":[{"href":"https:\/\/www.europesays.com\/fr\/wp-json\/wp\/v2\/media?parent=618054"}],"wp:term":[{"taxonomy":"category","embeddable":true,"href":"https:\/\/www.europesays.com\/fr\/wp-json\/wp\/v2\/categories?post=618054"},{"taxonomy":"post_tag","embeddable":true,"href":"https:\/\/www.europesays.com\/fr\/wp-json\/wp\/v2\/tags?post=618054"}],"curies":[{"name":"wp","href":"https:\/\/api.w.org\/{rel}","templated":true}]}}