{"id":618089,"date":"2025-12-23T15:07:12","date_gmt":"2025-12-23T15:07:12","guid":{"rendered":"https:\/\/www.europesays.com\/fr\/618089\/"},"modified":"2025-12-23T15:07:12","modified_gmt":"2025-12-23T15:07:12","slug":"deux-blesses-dont-un-grave-3","status":"publish","type":"post","link":"https:\/\/www.europesays.com\/fr\/618089\/","title":{"rendered":"deux bless\u00e9s dont un grave"},"content":{"rendered":"<p>                    Par<br \/>\n        <strong><br \/>\n            <a href=\"https:\/\/actu.fr\/auteur\/julien-bouteiller\" title=\"Consulter tous les articles de Julien Bouteiller\" target=\"_blank\" rel=\"noopener\">Julien Bouteiller<\/a><br \/>\n                    <\/strong><\/p>\n<p>        Publi\u00e9 le<\/p>\n<p>            23 d\u00e9c. 2025 \u00e0 15h07        <\/p>\n<p><strong>Flamb\u00e9e de violences<\/strong> dans l\u2019agglo de <a href=\"https:\/\/actu.fr\/normandie\/rouen_76540\" target=\"_blank\" rel=\"noopener\">Rouen<\/a>. Dans la soir\u00e9e du lundi 22\u00a0d\u00e9cembre 2025, deux personnes ont \u00e9t\u00e9 bless\u00e9es par<strong> des tirs d\u2019armes \u00e0 feu<\/strong> \u00e0 <a href=\"https:\/\/actu.fr\/normandie\/canteleu_76157\" target=\"_blank\" rel=\"noopener\">Canteleu<\/a>, indique le parquet de Rouen, confirmant les informations <a href=\"https:\/\/www.francebleu.fr\/infos\/faits-divers-justice\/des-coups-de-feu-et-une-course-poursuite-a-canteleu-pres-de-rouen-2313941\" target=\"_blank\" rel=\"noopener\">d\u2019Ici Normandie<\/a>.<\/p>\n<p>Des coups de feu tir\u00e9s depuis une voiture<\/p>\n<p class=\" wall-content\">Selon les informations transmises par le procureur, dans la soir\u00e9e,<strong> trois personnes se trouvant dans une voiture gar\u00e9e<\/strong> \u00e0 Canteleu ont \u00e9t\u00e9 les cibles de coups de feu, tir\u00e9s depuis un autre v\u00e9hicule.<\/p>\n<p class=\" wall-content\">S\u2019est ensuivie \u00ab\u2009une course-poursuite <strong>entre Canteleu et Maromme<\/strong>, durant laquelle des tirs ont vraisemblablement eu lieu. Le v\u00e9hicule des mis en cause a finalement percut\u00e9 le v\u00e9hicule des victimes, avant que ses occupants ne prennent la fuite\u2009\u00bb.<\/p>\n<p class=\" wall-content\">Deux bless\u00e9s ont \u00e9t\u00e9 pris en charge par les pompiers\u2009: l\u2019un, touch\u00e9 \u00e0 la main, l\u2019autre, <strong>bless\u00e9 plus gri\u00e8vement au cou.<\/strong><\/p>\n<p class=\" wall-content\">On ignore pour l\u2019heure la toile de fond de ces violences. Une enqu\u00eate a \u00e9t\u00e9 confi\u00e9e \u00e0 la DCOS, Division de la criminalit\u00e9 organis\u00e9e et sp\u00e9cialis\u00e9e.<\/p>\n<p>Vid\u00e9os : en ce moment sur ActuSuivez l\u2019actualit\u00e9 de Rouen <a href=\"https:\/\/www.whatsapp.com\/channel\/0029VaKfnf99hXF2ddApFB1D\" target=\"_blank\" rel=\"noopener\">sur notre cha\u00eene WhatsApp<\/a> et <a href=\"https:\/\/www.tiktok.com\/@76actu.fr?lang=fr\" target=\"_blank\" rel=\"noopener\">sur notre compte TikTok<\/a><\/p>\n<p class=\" wall-content\">Personnalisez votre actualit\u00e9 en ajoutant vos villes et m\u00e9dias en favori avec <a href=\"https:\/\/moncompte.actu.fr\" title=\"D\u00e9couvez Mon Actu\" rel=\"nofollow noopener\" data-trk=\"{&quot;cta&quot;:{&quot;action&quot;:&quot;https:\\\/\\\/moncompte.actu.fr&quot;,&quot;category&quot;:&quot;mon compte&quot;,&quot;from&quot;:&quot;article footer&quot;,&quot;name&quot;:&quot;Mon actu&quot;,&quot;type&quot;:&quot;cta&quot;}}\" target=\"_blank\">Mon Actu<\/a>.<\/p>\n<p>                    <script async src=\"\/\/www.tiktok.com\/embed.js\"><\/script><\/p>\n","protected":false},"excerpt":{"rendered":"Par Julien Bouteiller Publi\u00e9 le 23 d\u00e9c. 2025 \u00e0 15h07 Flamb\u00e9e de violences dans l\u2019agglo de Rouen. Dans&hellip;\n","protected":false},"author":2,"featured_media":618090,"comment_status":"","ping_status":"","sticky":false,"template":"","format":"standard","meta":{"footnotes":""},"categories":[9587],"tags":[1111,11,1777,674,118,1011,27,12,5161,1072,25,9590],"class_list":{"0":"post-618089","1":"post","2":"type-post","3":"status-publish","4":"format-standard","5":"has-post-thumbnail","7":"category-rouen","8":"tag-actu","9":"tag-actualites","10":"tag-eu","11":"tag-europe","12":"tag-faits-divers","13":"tag-fr","14":"tag-france","15":"tag-news","16":"tag-normandie","17":"tag-police","18":"tag-republique-francaise","19":"tag-rouen"},"share_on_mastodon":{"url":"https:\/\/pubeurope.com\/@fr\/115769510802354068","error":""},"_links":{"self":[{"href":"https:\/\/www.europesays.com\/fr\/wp-json\/wp\/v2\/posts\/618089","targetHints":{"allow":["GET"]}}],"collection":[{"href":"https:\/\/www.europesays.com\/fr\/wp-json\/wp\/v2\/posts"}],"about":[{"href":"https:\/\/www.europesays.com\/fr\/wp-json\/wp\/v2\/types\/post"}],"author":[{"embeddable":true,"href":"https:\/\/www.europesays.com\/fr\/wp-json\/wp\/v2\/users\/2"}],"replies":[{"embeddable":true,"href":"https:\/\/www.europesays.com\/fr\/wp-json\/wp\/v2\/comments?post=618089"}],"version-history":[{"count":0,"href":"https:\/\/www.europesays.com\/fr\/wp-json\/wp\/v2\/posts\/618089\/revisions"}],"wp:featuredmedia":[{"embeddable":true,"href":"https:\/\/www.europesays.com\/fr\/wp-json\/wp\/v2\/media\/618090"}],"wp:attachment":[{"href":"https:\/\/www.europesays.com\/fr\/wp-json\/wp\/v2\/media?parent=618089"}],"wp:term":[{"taxonomy":"category","embeddable":true,"href":"https:\/\/www.europesays.com\/fr\/wp-json\/wp\/v2\/categories?post=618089"},{"taxonomy":"post_tag","embeddable":true,"href":"https:\/\/www.europesays.com\/fr\/wp-json\/wp\/v2\/tags?post=618089"}],"curies":[{"name":"wp","href":"https:\/\/api.w.org\/{rel}","templated":true}]}}