{"id":618091,"date":"2025-12-23T15:08:21","date_gmt":"2025-12-23T15:08:21","guid":{"rendered":"https:\/\/www.europesays.com\/fr\/618091\/"},"modified":"2025-12-23T15:08:21","modified_gmt":"2025-12-23T15:08:21","slug":"salon-du-camping-car-de-rouen-parc-expo-du-29-janvier-au-1er-fevrier-2026","status":"publish","type":"post","link":"https:\/\/www.europesays.com\/fr\/618091\/","title":{"rendered":"Salon du Camping-car de ROUEN PARC EXPO du 29 janvier au 1er F\u00e9vrier 2026"},"content":{"rendered":"<p>  Du 29 janv. 2026 au 01 f\u00e9vr. 2026 <\/p>\n<ul>\n<li class=\"activ current\">    <img loading=\"lazy\" decoding=\"async\" src=\"https:\/\/www.europesays.com\/fr\/wp-content\/uploads\/2025\/12\/salon-du-camping-car-rouen-parc-expo-du-29-janvier-au-1er-fevrier-2026.jpg\" alt=\"\" width=\"680\" height=\"453\"\/>\n<p>  Salon du camping-car Rouen &#8211; Parc Expo du 29 janvier au 1er f\u00e9vrier 2026 <\/p>\n<\/li>\n<\/ul>\n<p>Organis\u00e9 par l&rsquo;<a title=\"A3CSM\" href=\"https:\/\/www.facebook.com\/p\/A3CSM-100043338566397\/?locale=fr_FR\" target=\"_blank\" rel=\"noopener\">A3CSM<\/a>, le <a href=\"https:\/\/www.facebook.com\/p\/A3CSM-100043338566397\/?locale=fr_FR\" target=\"_blank\" rel=\"noopener\">Salon du Camping-car de Rouen<\/a> vous donne rendez-vous du 29 janvier au 1er f\u00e9vrier 2026.<\/p>\n<p>Pendant 4 jours, venez d\u00e9couvrir une exposition exceptionnelle de plus de 150 v\u00e9hicules, neufs et d\u2019occasion : camping-cars, vans et fourgons pour tous les styles et tous les projets.<\/p>\n<ul>\n<li>Plus de 20 marques r\u00e9unies en un seul lieu<\/li>\n<li>Nouveaut\u00e9s 2026 \u00e0 d\u00e9couvrir en avant-premi\u00e8re<\/li>\n<li>Conditions exceptionnelles r\u00e9serv\u00e9es aux visiteurs du salon<\/li>\n<li>Conseils et accompagnement de professionnels passionn\u00e9s<\/li>\n<\/ul>\n<p>Infos pratiques :<\/p>\n<p>Lieu : Parc Expo Rouen \u2013 76120 Le Grand-Quevilly<\/p>\n<p>Dates : Du 29 janvier au 1er f\u00e9vrier 2026<\/p>\n<p>Horaires : Ouverture de 10h \u00e0 19h<\/p>\n<p>Restauration sur place pour profiter pleinement de votre visite<\/p>\n<p>\u00a0<\/p>\n<p>Pour plus d&rsquo;information, cliquez <a title=\"ICI\" href=\"https:\/\/www.facebook.com\/p\/A3CSM-100043338566397\/?locale=fr_FR\" target=\"_blank\" rel=\"noopener\">ICI<\/a><\/p>\n","protected":false},"excerpt":{"rendered":"Du 29 janv. 2026 au 01 f\u00e9vr. 2026 Salon du camping-car Rouen &#8211; Parc Expo du 29 janvier&hellip;\n","protected":false},"author":2,"featured_media":618092,"comment_status":"","ping_status":"","sticky":false,"template":"","format":"standard","meta":{"footnotes":""},"categories":[9587],"tags":[1111,11,1777,674,1011,27,12,5161,25,9590],"class_list":{"0":"post-618091","1":"post","2":"type-post","3":"status-publish","4":"format-standard","5":"has-post-thumbnail","7":"category-rouen","8":"tag-actu","9":"tag-actualites","10":"tag-eu","11":"tag-europe","12":"tag-fr","13":"tag-france","14":"tag-news","15":"tag-normandie","16":"tag-republique-francaise","17":"tag-rouen"},"share_on_mastodon":{"url":"https:\/\/pubeurope.com\/@fr\/115769515499010558","error":""},"_links":{"self":[{"href":"https:\/\/www.europesays.com\/fr\/wp-json\/wp\/v2\/posts\/618091","targetHints":{"allow":["GET"]}}],"collection":[{"href":"https:\/\/www.europesays.com\/fr\/wp-json\/wp\/v2\/posts"}],"about":[{"href":"https:\/\/www.europesays.com\/fr\/wp-json\/wp\/v2\/types\/post"}],"author":[{"embeddable":true,"href":"https:\/\/www.europesays.com\/fr\/wp-json\/wp\/v2\/users\/2"}],"replies":[{"embeddable":true,"href":"https:\/\/www.europesays.com\/fr\/wp-json\/wp\/v2\/comments?post=618091"}],"version-history":[{"count":0,"href":"https:\/\/www.europesays.com\/fr\/wp-json\/wp\/v2\/posts\/618091\/revisions"}],"wp:featuredmedia":[{"embeddable":true,"href":"https:\/\/www.europesays.com\/fr\/wp-json\/wp\/v2\/media\/618092"}],"wp:attachment":[{"href":"https:\/\/www.europesays.com\/fr\/wp-json\/wp\/v2\/media?parent=618091"}],"wp:term":[{"taxonomy":"category","embeddable":true,"href":"https:\/\/www.europesays.com\/fr\/wp-json\/wp\/v2\/categories?post=618091"},{"taxonomy":"post_tag","embeddable":true,"href":"https:\/\/www.europesays.com\/fr\/wp-json\/wp\/v2\/tags?post=618091"}],"curies":[{"name":"wp","href":"https:\/\/api.w.org\/{rel}","templated":true}]}}