{"id":618097,"date":"2025-12-23T15:15:24","date_gmt":"2025-12-23T15:15:24","guid":{"rendered":"https:\/\/www.europesays.com\/fr\/618097\/"},"modified":"2025-12-23T15:15:24","modified_gmt":"2025-12-23T15:15:24","slug":"contre-les-meubles-touristiques-les-regles-se-durcissent-encore","status":"publish","type":"post","link":"https:\/\/www.europesays.com\/fr\/618097\/","title":{"rendered":"contre les meubl\u00e9s touristiques, les r\u00e8gles se durcissent encore"},"content":{"rendered":"<p>Engag\u00e9s depuis plusieurs ann\u00e9es pour <a href=\"https:\/\/www.dna.fr\/economie\/2024\/08\/12\/meubles-touristiques-la-municipalite-durcit-les-regles\" target=\"_blank\" rel=\"noopener\">encadrer la location de meubl\u00e9s touristiques \u00e0 Strasbourg<\/a> , les \u00e9lus de la Ville et de l\u2019Eurom\u00e9tropole de Strasbourg, r\u00e9unis en conseils municipal et eurom\u00e9tropolitain les 8 et 19\u00a0d\u00e9cembre, ont adopt\u00e9 une d\u00e9lib\u00e9ration qui vise \u00e0 int\u00e9grer au r\u00e8glement municipal des changements d\u2019usage de locaux d\u2019habitation des mesures permises par la loi du 19\u00a0novembre 2024 visant \u00e0 renforcer les outils de r\u00e9gulation des meubl\u00e9s de tourisme \u00e0 l\u2019\u00e9chelle locale (dite \u00ab\u00a0 <a href=\"https:\/\/www.efl.fr\/actualite\/infographie-location-meublee-tourisme-change-loi-meur_f73a2d417-e6cc-4719-bda1-4faffc08d6eb\" target=\"_blank\" rel=\"noopener\">loi Le Meur<\/a> \u00a0\u00bb).<\/p>\n<p>Au travers de ce r\u00e8glement, la collectivit\u00e9 contr\u00f4le les d\u00e9tournements de l\u2019offre en logements du parc existant par la fixation de r\u00e8gles autorisant le changement d\u2019usage d\u2019un logement vers un local professionnel ou un meubl\u00e9 de tourisme.<\/p>\n<p>  Un r\u00e8glement r\u00e9guli\u00e8rement revu<\/p>\n<p>Apr\u00e8s avoir mis en place un r\u00e8glement en 2016, modifi\u00e9 en 2019, en 2021 et en 2024, la collectivit\u00e9 a souhait\u00e9 se saisir des nouveaux outils propos\u00e9s par la loi Le Meur pour renforcer une nouvelle fois ce dispositif.<\/p>\n<p>Cette quatri\u00e8me modification du r\u00e8glement comprend\u00a0:<br \/>&#8211; L\u2019obligation de fournir le diagnostic de performance \u00e9nerg\u00e9tique (DPE) du local lors de la demande de changement d\u2019usage et l\u2019obligation que celui-ci soit compris entre les classes A et E jusqu\u2019en 2034 puis A et D\u00a0;<br \/>&#8211; L\u2019obligation de fournir une attestation sur l\u2019honneur indiquant que le r\u00e8glement de copropri\u00e9t\u00e9 ne s\u2019oppose pas \u00e0 l\u2019usage souhait\u00e9 dans le local objet de la demande\u00a0;<br \/>&#8211; L\u2019extension de la p\u00e9riode sur laquelle la preuve d\u2019habitation d\u2019un local peut \u00eatre apport\u00e9e\u00a0;<br \/>&#8211; L\u2019interdiction du changement d\u2019usage de logements qui se situeraient au sein d\u2019une zone d\u00e9limit\u00e9e dans le plan local d\u2019urbanisme (PLU) interdisant les r\u00e9sidences secondaires dans les nouvelles constructions.<\/p>\n","protected":false},"excerpt":{"rendered":"Engag\u00e9s depuis plusieurs ann\u00e9es pour encadrer la location de meubl\u00e9s touristiques \u00e0 Strasbourg , les \u00e9lus de la&hellip;\n","protected":false},"author":2,"featured_media":618098,"comment_status":"","ping_status":"","sticky":false,"template":"","format":"standard","meta":{"footnotes":""},"categories":[2820],"tags":[1111,11,1984,33,2880,1777,674,107,1011,27,775,1116,12,316,25,640,2879],"class_list":{"0":"post-618097","1":"post","2":"type-post","3":"status-publish","4":"format-standard","5":"has-post-thumbnail","7":"category-strasbourg","8":"tag-actu","9":"tag-actualites","10":"tag-conseil-municipal","11":"tag-economie","12":"tag-edition-strasbourg","13":"tag-eu","14":"tag-europe","15":"tag-fil-info","16":"tag-fr","17":"tag-france","18":"tag-grand-est","19":"tag-immobilier","20":"tag-news","21":"tag-politique","22":"tag-republique-francaise","23":"tag-strasbourg","24":"tag-strasbourg-ville"},"share_on_mastodon":{"url":"https:\/\/pubeurope.com\/@fr\/115769542133163330","error":""},"_links":{"self":[{"href":"https:\/\/www.europesays.com\/fr\/wp-json\/wp\/v2\/posts\/618097","targetHints":{"allow":["GET"]}}],"collection":[{"href":"https:\/\/www.europesays.com\/fr\/wp-json\/wp\/v2\/posts"}],"about":[{"href":"https:\/\/www.europesays.com\/fr\/wp-json\/wp\/v2\/types\/post"}],"author":[{"embeddable":true,"href":"https:\/\/www.europesays.com\/fr\/wp-json\/wp\/v2\/users\/2"}],"replies":[{"embeddable":true,"href":"https:\/\/www.europesays.com\/fr\/wp-json\/wp\/v2\/comments?post=618097"}],"version-history":[{"count":0,"href":"https:\/\/www.europesays.com\/fr\/wp-json\/wp\/v2\/posts\/618097\/revisions"}],"wp:featuredmedia":[{"embeddable":true,"href":"https:\/\/www.europesays.com\/fr\/wp-json\/wp\/v2\/media\/618098"}],"wp:attachment":[{"href":"https:\/\/www.europesays.com\/fr\/wp-json\/wp\/v2\/media?parent=618097"}],"wp:term":[{"taxonomy":"category","embeddable":true,"href":"https:\/\/www.europesays.com\/fr\/wp-json\/wp\/v2\/categories?post=618097"},{"taxonomy":"post_tag","embeddable":true,"href":"https:\/\/www.europesays.com\/fr\/wp-json\/wp\/v2\/tags?post=618097"}],"curies":[{"name":"wp","href":"https:\/\/api.w.org\/{rel}","templated":true}]}}