{"id":618105,"date":"2025-12-23T15:20:36","date_gmt":"2025-12-23T15:20:36","guid":{"rendered":"https:\/\/www.europesays.com\/fr\/618105\/"},"modified":"2025-12-23T15:20:36","modified_gmt":"2025-12-23T15:20:36","slug":"cet-ancien-parking-du-centre-ville-a-ete-remplace-par-un-jardin","status":"publish","type":"post","link":"https:\/\/www.europesays.com\/fr\/618105\/","title":{"rendered":"cet ancien parking du centre-ville a \u00e9t\u00e9 remplac\u00e9 par un jardin"},"content":{"rendered":"<p>                    Par<br \/>\n        <strong><br \/>\n            <a href=\"https:\/\/actu.fr\/auteur\/thomas-bernard\" title=\"Consulter tous les articles de Thomas Bernard\" target=\"_blank\" rel=\"noopener\">Thomas Bernard<\/a><br \/>\n                    <\/strong><\/p>\n<p>        Publi\u00e9 le<\/p>\n<p>            23 d\u00e9c. 2025 \u00e0 11h45        <\/p>\n<p>\u00c0 quelques pas du ch\u00e2teau des ducs de Bretagne, <a href=\"https:\/\/actu.fr\/pays-de-la-loire\/nantes_44109\/nantes-le-chateau-des-ducs-de-bretagne-va-perdre-son-parking_58387843.html\" target=\"_blank\" rel=\"noopener\">le parking Duchesse-Anne, rue Henri IV, a disparu<\/a>. L\u2019\u00e9quipement urbain a laiss\u00e9 <b>place \u00e0 un jardin<\/b>. Ce samedi 20\u00a0d\u00e9cembre 2025, la Ville de Nantes a inaugur\u00e9 le jardin Duchesse-Anne.<\/p>\n<p>    <a href=\"https:\/\/www.facebook.com\/plugins\/post.php?href=https%3A%2F%2Fwww.facebook.com%2Fnantes.fr%2Fposts%2Fpfbid0wWfWYYS7p6KqNpfE17ybSwzQxjvnkcKUKVvejjicVsedpiPaKdXsCYzFHtKjBoBnl&amp;show_text=true&amp;width=350\" title=\"Ouvrie le lien\" target=\"_blank\" rel=\"noopener\">Cliquez ici pour visualiser le contenu<\/a><\/p>\n<p>22 arbres plant\u00e9s<\/p>\n<p class=\" wall-content\">Le jardin Duchesse-Anne int\u00e8gre <a href=\"https:\/\/actu.fr\/pays-de-la-loire\/nantes_44109\/pour-renaturer-la-ville-nantes-imagine-une-nouvelle-promenade-de-l-erdre-a-la-loire_61040060.html\" target=\"_blank\" rel=\"noopener\">un nouvel espace de promenade entre l\u2019Erdre et la Loire<\/a>. L\u2019espace vert s\u2019inscrit dans la continuit\u00e9 des cours Saint-Andr\u00e9 et Saint-Pierre. Avec cet am\u00e9nagement, la Ville de Nantes promet <b>\u00ab\u2009un nouvel \u00eelot de fra\u00eecheur en plein centre-ville\u2009\u00bb<\/b>.<\/p>\n<p>    <img   decoding=\"async\" loading=\"lazy\" class=\"size-large\" src=\"https:\/\/www.europesays.com\/fr\/wp-content\/uploads\/2025\/12\/bb34dcc36a496af34dcc36a496344dv-960x640.jpeg\" alt=\"Thomas Bernard\" width=\"960\" height=\"640\"\/><br \/>\n    Le jardin a remplac\u00e9 un ancien parking du centre-ville. \u00a9Thomas Bernard \/ actu Nantes<\/p>\n<p class=\" wall-content\">\u00ab\u2009Par ailleurs, avec des sols plus perm\u00e9ables, le jardin sera d\u00e9connect\u00e9 du r\u00e9seau des eaux pluviales. Les eaux ainsi infiltr\u00e9es dans les placettes pav\u00e9es, les massifs v\u00e9g\u00e9talis\u00e9s et le jardin en creux central permettront un rafra\u00eechissement de l\u2019air\u2009\u00bb, pr\u00e9cise la municipalit\u00e9 dans un communiqu\u00e9 de presse.<\/p>\n<p class=\" wall-content\">Au total, 22 arbres suppl\u00e9mentaires ont \u00e9t\u00e9 plant\u00e9s et la surface plant\u00e9e est pass\u00e9e de \u00ab\u20091\u2009000\u00a0m2 \u00e0 2\u2009900\u00a0m2\u2009\u00bb.<\/p>\n<p class=\" wall-content\">Personnalisez votre actualit\u00e9 en ajoutant vos villes et m\u00e9dias en favori avec <a href=\"https:\/\/moncompte.actu.fr\" title=\"D\u00e9couvez Mon Actu\" rel=\"nofollow noopener\" data-trk=\"{&quot;cta&quot;:{&quot;action&quot;:&quot;https:\\\/\\\/moncompte.actu.fr&quot;,&quot;category&quot;:&quot;mon compte&quot;,&quot;from&quot;:&quot;article footer&quot;,&quot;name&quot;:&quot;Mon actu&quot;,&quot;type&quot;:&quot;cta&quot;}}\" target=\"_blank\">Mon Actu<\/a>.<\/p>\n","protected":false},"excerpt":{"rendered":"Par Thomas Bernard Publi\u00e9 le 23 d\u00e9c. 2025 \u00e0 11h45 \u00c0 quelques pas du ch\u00e2teau des ducs de&hellip;\n","protected":false},"author":2,"featured_media":618106,"comment_status":"","ping_status":"","sticky":false,"template":"","format":"standard","meta":{"footnotes":""},"categories":[2818],"tags":[1111,11,1777,674,1011,27,766,12,2636,5140,25,104,6173],"class_list":{"0":"post-618105","1":"post","2":"type-post","3":"status-publish","4":"format-standard","5":"has-post-thumbnail","7":"category-nantes","8":"tag-actu","9":"tag-actualites","10":"tag-eu","11":"tag-europe","12":"tag-fr","13":"tag-france","14":"tag-nantes","15":"tag-news","16":"tag-pays-de-la-loire","17":"tag-rechauffement-climatique","18":"tag-republique-francaise","19":"tag-societe","20":"tag-stationnement"},"share_on_mastodon":{"url":"https:\/\/pubeurope.com\/@fr\/115769562643946775","error":""},"_links":{"self":[{"href":"https:\/\/www.europesays.com\/fr\/wp-json\/wp\/v2\/posts\/618105","targetHints":{"allow":["GET"]}}],"collection":[{"href":"https:\/\/www.europesays.com\/fr\/wp-json\/wp\/v2\/posts"}],"about":[{"href":"https:\/\/www.europesays.com\/fr\/wp-json\/wp\/v2\/types\/post"}],"author":[{"embeddable":true,"href":"https:\/\/www.europesays.com\/fr\/wp-json\/wp\/v2\/users\/2"}],"replies":[{"embeddable":true,"href":"https:\/\/www.europesays.com\/fr\/wp-json\/wp\/v2\/comments?post=618105"}],"version-history":[{"count":0,"href":"https:\/\/www.europesays.com\/fr\/wp-json\/wp\/v2\/posts\/618105\/revisions"}],"wp:featuredmedia":[{"embeddable":true,"href":"https:\/\/www.europesays.com\/fr\/wp-json\/wp\/v2\/media\/618106"}],"wp:attachment":[{"href":"https:\/\/www.europesays.com\/fr\/wp-json\/wp\/v2\/media?parent=618105"}],"wp:term":[{"taxonomy":"category","embeddable":true,"href":"https:\/\/www.europesays.com\/fr\/wp-json\/wp\/v2\/categories?post=618105"},{"taxonomy":"post_tag","embeddable":true,"href":"https:\/\/www.europesays.com\/fr\/wp-json\/wp\/v2\/tags?post=618105"}],"curies":[{"name":"wp","href":"https:\/\/api.w.org\/{rel}","templated":true}]}}