{"id":618109,"date":"2025-12-23T15:22:11","date_gmt":"2025-12-23T15:22:11","guid":{"rendered":"https:\/\/www.europesays.com\/fr\/618109\/"},"modified":"2025-12-23T15:22:11","modified_gmt":"2025-12-23T15:22:11","slug":"entre-manifestations-et-bouchons-les-routes-a-eviter-en-gironde-pour-noel","status":"publish","type":"post","link":"https:\/\/www.europesays.com\/fr\/618109\/","title":{"rendered":"Entre manifestations et bouchons, les routes \u00e0 \u00e9viter en Gironde pour No\u00ebl"},"content":{"rendered":"<p>                    Par<br \/>\n        <strong><br \/>\n            <a href=\"https:\/\/actu.fr\/auteur\/juliette-cardinale\" title=\"Consulter tous les articles de Juliette Cardinale\" target=\"_blank\" rel=\"noopener\">Juliette Cardinale<\/a><br \/>\n                    <\/strong><\/p>\n<p>        Publi\u00e9 le<\/p>\n<p>            23 d\u00e9c. 2025 \u00e0 14h02        <\/p>\n<p>Agriculteurs, r\u00e9unions de famille, d\u00e9parts en vacances\u2026 Il faudra anticiper les trajets pour \u00e9viter les bouchons sur <strong>les routes de Gironde<\/strong> aux alentours de No\u00ebl et pour le deuxi\u00e8me week-end des vacances scolaires.<\/p>\n<p>Une autoroute ferm\u00e9e par les manifestants<\/p>\n<p class=\" wall-content\">Les agriculteurs continuent <a href=\"https:\/\/actu.fr\/nouvelle-aquitaine\/cestas_33122\/en-gironde-les-agriculteurs-en-colere-bloquent-toujours-l-a63-la-messe-de-noel-est-programmee_63608900.html\" target=\"_blank\" rel=\"noopener\">de bloquer l\u2019A63 au sud de Bordeaux ce mardi 23 d\u00e9cembre 2025,<\/a> et ne sont <strong>pas d\u00e9cid\u00e9s \u00e0 lever le barrage.<\/strong> Ils ont tout de m\u00eame consenti \u00e0 laisser circuler les automobilistes vers le Pays Basque <a href=\"https:\/\/actu.fr\/nouvelle-aquitaine\/cestas_33122\/operation-peage-gratuit-levee-des-blocages-le-point-sur-les-actions-des-agriculteurs-en-gironde-ce-samedi_63604795.html\" target=\"_blank\" rel=\"noopener\">depuis le week-end dernier.<\/a>\u00a0La circulation reste d\u00e9vi\u00e9e pendant quelques kilom\u00e8tres au niveau de la sortie 24.<\/p>\n<p class=\" wall-content\">Dans l\u2019autre sens de circulation, pour les personnes remontant d\u2019Espagne, l\u2019autoroute est <strong>toujours ferm\u00e9e<\/strong> \u00e0 partir de la sortie 23 de Bayonne vers Bordeaux. Les poids-lourds empruntent la D5 direction Marcheprime puis la D1250 direction Bordeaux. Les v\u00e9hicules l\u00e9gers suivent la D5 direction Le Barp puis la D1010 pour rejoindre l\u2019entr\u00e9e 25 de l\u2019A63 direction Bordeaux.<\/p>\n<p>Les pr\u00e9visions de Bison Fut\u00e9<\/p>\n<p class=\" wall-content\"><a href=\"https:\/\/actu.fr\/tag\/bison-fute\" target=\"_blank\" rel=\"noopener\">Bison fut\u00e9<\/a> a class\u00e9 la Gironde <a href=\"https:\/\/www.bison-fute.gouv.fr\/previsions,10741.html\" target=\"_blank\" rel=\"noopener\">en orange,<\/a> soit circulation difficile, dans le sens des d\u00e9parts ce mercredi 24 d\u00e9cembre ainsi que le samedi 27 d\u00e9cembre. \u00ab\u00a0De <strong>nombreux d\u00e9placements<\/strong> sont attendus dans l\u2019Hexagone pour cette p\u00e9riode situ\u00e9e au milieu des cong\u00e9s scolaires et incluant le jour de No\u00ebl\u00a0\u00bb, explique l\u2019organisme pr\u00e9visionniste.\u00a0<\/p>\n<p class=\" wall-content\">Le jour du r\u00e9veillon de No\u00ebl, le trafic \u00ab\u00a0devrait \u00eatre <strong>tr\u00e8s \u00e9lev\u00e9 d\u00e8s le d\u00e9but de la matin\u00e9e<\/strong> et jusqu\u2019en d\u00e9but de soir\u00e9e\u00a0\u00bb dans le sens des d\u00e9parts. Le 24 comme le 27, les \u00ab\u00a0axes desservant la c\u00f4te atlantique\u00a0\u00bb pourront conna\u00eetre un trafic particuli\u00e8rement important.\u00a0Samedi 27 d\u00e9cembre, il faudra notamment \u00e9viter l\u2019A10 entre Paris et <a href=\"https:\/\/actu.fr\/bordeaux\/\" target=\"_blank\" rel=\"noopener\">Bordeaux<\/a> de 9h \u00e0 17h.<\/p>\n<p class=\" wall-content\">Personnalisez votre actualit\u00e9 en ajoutant vos villes et m\u00e9dias en favori avec <a href=\"https:\/\/moncompte.actu.fr\" title=\"D\u00e9couvez Mon Actu\" rel=\"nofollow noopener\" data-trk=\"{&quot;cta&quot;:{&quot;action&quot;:&quot;https:\\\/\\\/moncompte.actu.fr&quot;,&quot;category&quot;:&quot;mon compte&quot;,&quot;from&quot;:&quot;article footer&quot;,&quot;name&quot;:&quot;Mon actu&quot;,&quot;type&quot;:&quot;cta&quot;}}\" target=\"_blank\">Mon Actu<\/a>.<\/p>\n","protected":false},"excerpt":{"rendered":"Par Juliette Cardinale Publi\u00e9 le 23 d\u00e9c. 2025 \u00e0 14h02 Agriculteurs, r\u00e9unions de famille, d\u00e9parts en vacances\u2026 Il&hellip;\n","protected":false},"author":2,"featured_media":618110,"comment_status":"","ping_status":"","sticky":false,"template":"","format":"standard","meta":{"footnotes":""},"categories":[2817],"tags":[1111,11,4697,6427,1997,1777,674,1011,27,1272,12,2219,25,104],"class_list":{"0":"post-618109","1":"post","2":"type-post","3":"status-publish","4":"format-standard","5":"has-post-thumbnail","7":"category-bordeaux","8":"tag-actu","9":"tag-actualites","10":"tag-autoroute-10-a10","11":"tag-bison-fute","12":"tag-bordeaux","13":"tag-eu","14":"tag-europe","15":"tag-fr","16":"tag-france","17":"tag-manifestations","18":"tag-news","19":"tag-nouvelle-aquitaine","20":"tag-republique-francaise","21":"tag-societe"},"share_on_mastodon":{"url":"https:\/\/pubeurope.com\/@fr\/115769569828300494","error":""},"_links":{"self":[{"href":"https:\/\/www.europesays.com\/fr\/wp-json\/wp\/v2\/posts\/618109","targetHints":{"allow":["GET"]}}],"collection":[{"href":"https:\/\/www.europesays.com\/fr\/wp-json\/wp\/v2\/posts"}],"about":[{"href":"https:\/\/www.europesays.com\/fr\/wp-json\/wp\/v2\/types\/post"}],"author":[{"embeddable":true,"href":"https:\/\/www.europesays.com\/fr\/wp-json\/wp\/v2\/users\/2"}],"replies":[{"embeddable":true,"href":"https:\/\/www.europesays.com\/fr\/wp-json\/wp\/v2\/comments?post=618109"}],"version-history":[{"count":0,"href":"https:\/\/www.europesays.com\/fr\/wp-json\/wp\/v2\/posts\/618109\/revisions"}],"wp:featuredmedia":[{"embeddable":true,"href":"https:\/\/www.europesays.com\/fr\/wp-json\/wp\/v2\/media\/618110"}],"wp:attachment":[{"href":"https:\/\/www.europesays.com\/fr\/wp-json\/wp\/v2\/media?parent=618109"}],"wp:term":[{"taxonomy":"category","embeddable":true,"href":"https:\/\/www.europesays.com\/fr\/wp-json\/wp\/v2\/categories?post=618109"},{"taxonomy":"post_tag","embeddable":true,"href":"https:\/\/www.europesays.com\/fr\/wp-json\/wp\/v2\/tags?post=618109"}],"curies":[{"name":"wp","href":"https:\/\/api.w.org\/{rel}","templated":true}]}}