{"id":618113,"date":"2025-12-23T15:24:22","date_gmt":"2025-12-23T15:24:22","guid":{"rendered":"https:\/\/www.europesays.com\/fr\/618113\/"},"modified":"2025-12-23T15:24:22","modified_gmt":"2025-12-23T15:24:22","slug":"si-aucune-mesure-nest-prise-cest-toulouse-quon-paralysera","status":"publish","type":"post","link":"https:\/\/www.europesays.com\/fr\/618113\/","title":{"rendered":"Si aucune mesure n&rsquo;est prise, c&rsquo;est Toulouse qu&rsquo;on paralysera"},"content":{"rendered":"<p>                    Par<br \/>\n        <strong><br \/>\n            <a href=\"https:\/\/actu.fr\/auteur\/david-saint-sernin\" title=\"Consulter tous les articles de David Saint-Sernin\" target=\"_blank\" rel=\"noopener\">David Saint-Sernin<\/a><br \/>\n                    <\/strong><\/p>\n<p>        Publi\u00e9 le<\/p>\n<p>            23 d\u00e9c. 2025 \u00e0 11h31<br \/>\n        ; mis \u00e0 jour le 23 d\u00e9c. 2025 \u00e0 11h32    <\/p>\n<p>Mardi 23\u00a0d\u00e9cembre 2025, la pression monte au sud-ouest de Toulouse, sur le blocage des Ultras de l\u2019A64 o\u00f9 les agriculteurs ne baissent pas la garde. Alors<a href=\"https:\/\/actu.fr\/toulouse\/\" target=\"_blank\" rel=\"noopener\"> que certains blocages ont \u00e9t\u00e9 lev\u00e9s ce lundi soir au pied des Pyr\u00e9n\u00e9es<\/a>, le blocus situ\u00e9 entre Laffite et Carbonne, sous l\u2019\u00e9gide tient le cap.\u00a0\u00c0 Actu Toulouse, <a href=\"https:\/\/actu.fr\/occitanie\/carbonne_31107\/le-blocage-de-l-a64-par-les-agriculteurs-va-durer-c-est-un-combat-pour-la-survie-de-nos-territoires-ruraux_63608990.html\" target=\"_blank\" rel=\"noopener\">J\u00e9r\u00f4me Bayle, le meneur du mouvement, l\u2019a assur\u00e9 lundi<\/a>\u2009: \u00ab\u2009Nous sommes soutenus aussi bien moralement que physiquement. Sur place, il y a du monde, les gens sont motiv\u00e9s, alors on continue \u00e0 se battre\u2009\u00bb.<\/p>\n<p>Une r\u00e9union tr\u00e8s attendue en pr\u00e9fecture<\/p>\n<p class=\" wall-content\">\u00c0 Carbonne, les agriculteurs veulent tenir le blocage. Jusqu\u2019\u00e0 quand\u2009? Ce mardi, J\u00e9r\u00f4me Bayle doit rencontrer le pr\u00e9fet d\u2019Occitanie \u00e0 Toulouse. Des avanc\u00e9es de cette r\u00e9union d\u00e9pendra la suite du mouvement\u2026<\/p>\n<p class=\" wall-content\">Dans une vid\u00e9o que les Ultras de l\u2019A64 ont post\u00e9e sur Facebook, J\u00e9r\u00f4me Bayle se veut clair sur les objectifs qu\u2019il place dans ce d\u00e9placement toulousain\u2009:<\/p>\n<p class=\" wall-content\">\u00ab\u2009Jusqu\u2019ici, rien n\u2019avance. Ils (le gouvernement, ndlr) veulent qu\u2019on s\u2019essouffle. Il y a de moins en moins de barrages, mais nous, on ne va pas l\u00e2cher. <strong>On a une r\u00e9union ce mardi \u00e0 Toulouse, et on va se battre.<\/strong> On veut avoir des r\u00e9ponses. S\u2019il faut faire le premier de l\u2019an ici on le fera. On ne partira pas la t\u00eate basse. Il faudra qu\u2019on sorte fi\u00e8rement d\u2019ici car, eux, ils n\u2019en ont rien \u00e0 foutre de nous. Ils veulent qu\u2019on cr\u00e8ve. On nous pousse \u00e0 la ruine\u2026\u2009\u00bb<\/p>\n<p>\u00ab\u2009Sans mesures prises, c\u2019est Toulouse qu\u2019on paralyse\u2009\u00bb<\/p>\n<p class=\" wall-content\">Il poursuit\u2009: \u00ab\u00a0S\u2019il faut durcir le mouvement, si on n\u2019a pas des mesures d\u2019ici la fin de la semaine, c\u2019est Toulouse qu\u2019on paralysera la semaine prochaine. C\u2019est ce que l\u2019on va dire au pr\u00e9fet ce mardi. Et s\u2019il faut faire<strong> une convergence avec les taxis et le BTP<\/strong>, on le fera.\u00a0\u00bb<\/p>\n<p>Vers une convergence des luttes\u2009?<\/p>\n<p class=\" wall-content\">Et J\u00e9r\u00f4me Bayle de r\u00e9sumer\u2009: \u00ab\u00a0D\u2019ici peu, mon petit doigt me dit <strong>qu\u2019on va tous se retrouver pour aller conqu\u00e9rir la Ville rose<\/strong>. La cocotte va exploser directement avec tous les corps de m\u00e9tiers qui sont en difficult\u00e9.\u00a0\u00bb<\/p>\n<p>Vid\u00e9os : en ce moment sur Actu<\/p>\n<p class=\" wall-content\">Si le blocus devait \u00eatre lev\u00e9 par la force, J\u00e9r\u00f4me Bayle avertit\u2009: \u00ab\u00a0d\u00e8s demain (mardi soir, NDLR), j\u2019en appelle \u00e0 un mouvement citoyen \u00e0 Toulouse et \u00e0 un mouvement solidaire \u00e0 Toulouse\u00a0\u00bb.<\/p>\n<p>    <img   decoding=\"async\" loading=\"lazy\" src=\"https:\/\/www.europesays.com\/fr\/wp-content\/uploads\/2025\/12\/img-9060-960x640.jpg\" alt=\"Sur le blocage de l'A64 \u00e0 Carbonne, les agriculteurs restent d\u00e9termin\u00e9s. \" width=\"960\" height=\"640\"\/><br \/>\n    Sur le blocage de l\u2019A64 \u00e0 Carbonne, les agriculteurs restent d\u00e9termin\u00e9s. (\u00a9L\u00e9a Afonso\/Actu Toulouse)<\/p>\n<p>Votre r\u00e9gion, votre actu !<\/p>\n<p>Recevez chaque jour les infos qui comptent pour vous.<\/p>\n<p>\t<a href=\"https:\/\/actu.fr\/newsletter\" class=\"ac-btn ac-btn--corner ac-btn--medium ac-btn--blue800\" target=\"_blank\" rel=\"noopener\">S&rsquo;incrire<\/a><br \/>\nDes agriculteurs qui font bloc<\/p>\n<p class=\" wall-content\">Sur place, notre journaliste a pu constater que les agriculteurs font bloc avec leur leader.<\/p>\n<p class=\" wall-content\">\u00ab\u00a0Pour la suite\u2009: tout va d\u00e9pendre de cette r\u00e9union. Quelle d\u00e9cision pourrait faire lever le blocage\u2009?<strong> L\u2019arr\u00eat de l\u2019abattage total des troupeaux<\/strong> apr\u00e8s un cas av\u00e9r\u00e9, mais on veut aussi un accompagnement financier et des aides (exon\u00e9ration\u2026)\u00a0\u00bb, expliquent-ils sur place.<\/p>\n<p class=\" wall-content\">Et un agriculteur de r\u00e9sumer\u2009: \u00ab\u2009On n\u2019est pas un grand syndicat, on ne va pas bouger tous les 15\u00a0jours. Nous, on est l\u00e0, on est l\u00e0. On ne fait pas de tr\u00eave pour les f\u00eates\u2009\u00bb.<\/p>\n<p class=\" wall-content\"><strong>(Avec L\u00e9a Afonso sur le blocage de Carbonne)<\/strong><\/p>\n<p class=\" wall-content\">Personnalisez votre actualit\u00e9 en ajoutant vos villes et m\u00e9dias en favori avec <a href=\"https:\/\/moncompte.actu.fr\" title=\"D\u00e9couvez Mon Actu\" rel=\"nofollow noopener\" data-trk=\"{&quot;cta&quot;:{&quot;action&quot;:&quot;https:\\\/\\\/moncompte.actu.fr&quot;,&quot;category&quot;:&quot;mon compte&quot;,&quot;from&quot;:&quot;article footer&quot;,&quot;name&quot;:&quot;Mon actu&quot;,&quot;type&quot;:&quot;cta&quot;}}\" target=\"_blank\">Mon Actu<\/a>.<\/p>\n","protected":false},"excerpt":{"rendered":"Par David Saint-Sernin Publi\u00e9 le 23 d\u00e9c. 2025 \u00e0 11h31 ; mis \u00e0 jour le 23 d\u00e9c. 2025&hellip;\n","protected":false},"author":2,"featured_media":618114,"comment_status":"","ping_status":"","sticky":false,"template":"","format":"standard","meta":{"footnotes":""},"categories":[2816],"tags":[1111,11,327,70814,1777,674,1011,27,12,2680,25,104,2312],"class_list":{"0":"post-618113","1":"post","2":"type-post","3":"status-publish","4":"format-standard","5":"has-post-thumbnail","7":"category-toulouse","8":"tag-actu","9":"tag-actualites","10":"tag-agriculture","11":"tag-dermatose-nodulaire","12":"tag-eu","13":"tag-europe","14":"tag-fr","15":"tag-france","16":"tag-news","17":"tag-occitanie","18":"tag-republique-francaise","19":"tag-societe","20":"tag-toulouse"},"share_on_mastodon":{"url":"https:\/\/pubeurope.com\/@fr\/115769578449310407","error":""},"_links":{"self":[{"href":"https:\/\/www.europesays.com\/fr\/wp-json\/wp\/v2\/posts\/618113","targetHints":{"allow":["GET"]}}],"collection":[{"href":"https:\/\/www.europesays.com\/fr\/wp-json\/wp\/v2\/posts"}],"about":[{"href":"https:\/\/www.europesays.com\/fr\/wp-json\/wp\/v2\/types\/post"}],"author":[{"embeddable":true,"href":"https:\/\/www.europesays.com\/fr\/wp-json\/wp\/v2\/users\/2"}],"replies":[{"embeddable":true,"href":"https:\/\/www.europesays.com\/fr\/wp-json\/wp\/v2\/comments?post=618113"}],"version-history":[{"count":0,"href":"https:\/\/www.europesays.com\/fr\/wp-json\/wp\/v2\/posts\/618113\/revisions"}],"wp:featuredmedia":[{"embeddable":true,"href":"https:\/\/www.europesays.com\/fr\/wp-json\/wp\/v2\/media\/618114"}],"wp:attachment":[{"href":"https:\/\/www.europesays.com\/fr\/wp-json\/wp\/v2\/media?parent=618113"}],"wp:term":[{"taxonomy":"category","embeddable":true,"href":"https:\/\/www.europesays.com\/fr\/wp-json\/wp\/v2\/categories?post=618113"},{"taxonomy":"post_tag","embeddable":true,"href":"https:\/\/www.europesays.com\/fr\/wp-json\/wp\/v2\/tags?post=618113"}],"curies":[{"name":"wp","href":"https:\/\/api.w.org\/{rel}","templated":true}]}}