{"id":618123,"date":"2025-12-23T15:30:22","date_gmt":"2025-12-23T15:30:22","guid":{"rendered":"https:\/\/www.europesays.com\/fr\/618123\/"},"modified":"2025-12-23T15:30:22","modified_gmt":"2025-12-23T15:30:22","slug":"a-marseille-flow-simpose-comme-lexperience-immersive-incontournable-des-fetes-de-fin-dannee","status":"publish","type":"post","link":"https:\/\/www.europesays.com\/fr\/618123\/","title":{"rendered":"\u00c0 Marseille, FLOW s\u2019impose comme l\u2019exp\u00e9rience immersive incontournable des f\u00eates de fin d\u2019ann\u00e9e"},"content":{"rendered":"<p class=\"rev-margin-0 rev-text-sm-bold\">La r\u00e9daction n&rsquo;a pas particip\u00e9 \u00e0 la r\u00e9alisation de ce contenu<\/p>\n<p>En cette fin d\u2019ann\u00e9e, tandis que Marseille se pare de lumi\u00e8res et d\u2019animations festives, une exp\u00e9rience artistique insolite vient sublimer la magie des f\u00eates<\/p>\n<p>Depuis d\u00e9but novembre, FLOW, le spectacle immersif et multisensoriel install\u00e9 au Palais de la Bourse, s\u00e9duit depuis son ouverture. Apr\u00e8s le succ\u00e8s de Genesis et Enlightenment, le collectif d\u2019artistes suisses PROJEKTIL et Fever, la plateforme technologique de r\u00e9f\u00e9rence pour la d\u00e9couverte de culture et de divertissement, reviennent dans la cit\u00e9 phoc\u00e9enne avec cette toute nouvelle exp\u00e9rience lanc\u00e9e le 26 octobre dernier. Ce voyage sensoriel offre une parenth\u00e8se lumineuse id\u00e9ale pour c\u00e9l\u00e9brer les f\u00eates autrement.<\/p>\n<p>Une parenth\u00e8se enchant\u00e9e au c\u0153ur de la ville<\/p>\n<p>Dans une p\u00e9riode o\u00f9 chacun cherche des id\u00e9es de sorties originales pour vivre les f\u00eates en famille ou entre amis, FLOW propose une v\u00e9ritable immersion po\u00e9tique. Ce spectacle lumineux r\u00e9invente La Moldau de Bed\u0159ich Smetana sous la direction artistique de Martin Skalsky et sublim\u00e9e par le violon de Tobias Preisig. R\u00e9arrang\u00e9e et enregistr\u00e9e en collaboration avec l\u2019Orchestre Philharmonique de Prague pour l\u2019occasion, FLOW associe des rythmes \u00e9lectroniques et projections immersives afin d\u2019envelopper le spectateur dans une ambiance \u00e0 la fois f\u00e9erique et contemplative.<\/p>\n<p><img alt=\"FLOW\" loading=\"lazy\" decoding=\"async\" data-nimg=\"fill\" class=\" TwicCore_img__i9TC1 undefined  undefined\" style=\"position:absolute;height:100%;width:100%;left:0;top:0;right:0;bottom:0;color:transparent;background-size:cover;background-position:50% 50%;background-repeat:no-repeat;background-image:url(&quot;data:image\/svg+xml;charset=utf-8,%3Csvg xmlns='http:\/\/www.w3.org\/2000\/svg' %3E%3Cfilter id='b' color-interpolation-filters='sRGB'%3E%3CfeGaussianBlur stdDeviation='20'\/%3E%3CfeColorMatrix values='1 0 0 0 0 0 1 0 0 0 0 0 1 0 0 0 0 0 100 -1' result='s'\/%3E%3CfeFlood x='0' y='0' width='100%25' height='100%25'\/%3E%3CfeComposite operator='out' in='s'\/%3E%3CfeComposite in2='SourceGraphic'\/%3E%3CfeGaussianBlur stdDeviation='20'\/%3E%3C\/filter%3E%3Cimage width='100%25' height='100%25' x='0' y='0' preserveAspectRatio='none' style='filter: url(%23b);' href='https:\/\/pictures.laprovence.com\/cdn-cgi\/image\/blur=250,trim.left=0,trim.top=254,trim.height=169,trim.width=300\/media\/2025\/12\/23\/Marseille_Flow-21_1.jpg'\/%3E%3C\/svg%3E&quot;)\"   src=\"https:\/\/www.europesays.com\/fr\/wp-content\/uploads\/2025\/12\/Marseille_Flow-21_1.jpg\"\/>FLOW FLOWLe Palais de la Bourse transform\u00e9 en riv\u00e8re de lumi\u00e8res<\/p>\n<p>FLOW m\u00e9tamorphose le Palais de la Bourse, gr\u00e2ce \u00e0 un mapping vid\u00e9o de pointe. Les vo\u00fbtes et les parois du b\u00e2timent deviennent les berges d\u2019un fleuve lumineux qui \u00e9volue au rythme de la musique. Les projections, parfaitement int\u00e9gr\u00e9es \u00e0 l\u2019architecture gr\u00e2ce \u00e0 un travail de mod\u00e9lisation 3D, cr\u00e9ent un univers immersif qui plonge les visiteurs dans une atmosph\u00e8re unique.<\/p>\n<p><img alt=\"FLOW\" loading=\"lazy\" decoding=\"async\" data-nimg=\"fill\" class=\" TwicCore_img__i9TC1 undefined  undefined\" style=\"position:absolute;height:100%;width:100%;left:0;top:0;right:0;bottom:0;color:transparent;background-size:cover;background-position:50% 50%;background-repeat:no-repeat;background-image:url(&quot;data:image\/svg+xml;charset=utf-8,%3Csvg xmlns='http:\/\/www.w3.org\/2000\/svg' %3E%3Cfilter id='b' color-interpolation-filters='sRGB'%3E%3CfeGaussianBlur stdDeviation='20'\/%3E%3CfeColorMatrix values='1 0 0 0 0 0 1 0 0 0 0 0 1 0 0 0 0 0 100 -1' result='s'\/%3E%3CfeFlood x='0' y='0' width='100%25' height='100%25'\/%3E%3CfeComposite operator='out' in='s'\/%3E%3CfeComposite in2='SourceGraphic'\/%3E%3CfeGaussianBlur stdDeviation='20'\/%3E%3C\/filter%3E%3Cimage width='100%25' height='100%25' x='0' y='0' preserveAspectRatio='none' style='filter: url(%23b);' href='https:\/\/pictures.laprovence.com\/cdn-cgi\/image\/blur=250,trim.left=0,trim.top=257,trim.height=169,trim.width=300\/media\/2025\/12\/23\/Marseille_Flow-09_1.jpg'\/%3E%3C\/svg%3E&quot;)\"   src=\"https:\/\/www.europesays.com\/fr\/wp-content\/uploads\/2025\/12\/Marseille_Flow-09_1.jpg\"\/>FLOW FLOWUne sortie id\u00e9ale \u00e0 partager durant les f\u00eates<\/p>\n<p>Avec son format accessible \u00e0 tous, FLOW s\u2019impose comme une activit\u00e9 culturelle familiale incontournable pendant les vacances scolaires. Le public, d\u00e9j\u00e0 nombreux, se laisse s\u00e9duire par cette immersion artistique qui m\u00eale art num\u00e9rique, musique et po\u00e9sie. Entre deux achats de No\u00ebl sur la Canebi\u00e8re ou lors d\u2019une balade sur le Vieux-Port, l\u2019exp\u00e9rience trouve naturellement sa place parmi les sorties de fin d\u2019ann\u00e9e. Apaisant, sensoriel et r\u00e9solument po\u00e9tique, ce spectacle offre une mani\u00e8re nouvelle de vivre la magie des f\u00eates avec ses proches. Un rendez-vous lumineux \u00e0 ne pas manquer \u00e0 Marseille.<\/p>\n<p><a class=\"Button_button__L5CFB\" target=\"_blank\" href=\"https:\/\/eonariumexperiences.com\/marseille\/flow\/?utm_source=landing&amp;utm_medium=referral&amp;utm_campaign=435109_mrs&amp;utm_content=laprovence&amp;utm_term=\" rel=\"noopener\">R\u00e9servez vos places ici <\/a><\/p>\n","protected":false},"excerpt":{"rendered":"La r\u00e9daction n&rsquo;a pas particip\u00e9 \u00e0 la r\u00e9alisation de ce contenu En cette fin d\u2019ann\u00e9e, tandis que Marseille&hellip;\n","protected":false},"author":2,"featured_media":618124,"comment_status":"","ping_status":"","sticky":false,"template":"","format":"standard","meta":{"footnotes":""},"categories":[2814],"tags":[17,1111,11,1993,1777,674,42694,1011,27,33734,27683,72831,2831,884,12,882,25,29263],"class_list":{"0":"post-618123","1":"post","2":"type-post","3":"status-publish","4":"format-standard","5":"has-post-thumbnail","7":"category-marseille","8":"tag-17","9":"tag-actu","10":"tag-actualites","11":"tag-comme","12":"tag-eu","13":"tag-europe","14":"tag-flow","15":"tag-fr","16":"tag-france","17":"tag-immersive","18":"tag-incontournable","19":"tag-lexperience","20":"tag-loisirs-traditions","21":"tag-marseille","22":"tag-news","23":"tag-provence-alpes-cote-dazur","24":"tag-republique-francaise","25":"tag-simpose"},"share_on_mastodon":{"url":"https:\/\/pubeurope.com\/@fr\/115769602253998960","error":""},"_links":{"self":[{"href":"https:\/\/www.europesays.com\/fr\/wp-json\/wp\/v2\/posts\/618123","targetHints":{"allow":["GET"]}}],"collection":[{"href":"https:\/\/www.europesays.com\/fr\/wp-json\/wp\/v2\/posts"}],"about":[{"href":"https:\/\/www.europesays.com\/fr\/wp-json\/wp\/v2\/types\/post"}],"author":[{"embeddable":true,"href":"https:\/\/www.europesays.com\/fr\/wp-json\/wp\/v2\/users\/2"}],"replies":[{"embeddable":true,"href":"https:\/\/www.europesays.com\/fr\/wp-json\/wp\/v2\/comments?post=618123"}],"version-history":[{"count":0,"href":"https:\/\/www.europesays.com\/fr\/wp-json\/wp\/v2\/posts\/618123\/revisions"}],"wp:featuredmedia":[{"embeddable":true,"href":"https:\/\/www.europesays.com\/fr\/wp-json\/wp\/v2\/media\/618124"}],"wp:attachment":[{"href":"https:\/\/www.europesays.com\/fr\/wp-json\/wp\/v2\/media?parent=618123"}],"wp:term":[{"taxonomy":"category","embeddable":true,"href":"https:\/\/www.europesays.com\/fr\/wp-json\/wp\/v2\/categories?post=618123"},{"taxonomy":"post_tag","embeddable":true,"href":"https:\/\/www.europesays.com\/fr\/wp-json\/wp\/v2\/tags?post=618123"}],"curies":[{"name":"wp","href":"https:\/\/api.w.org\/{rel}","templated":true}]}}