{"id":618125,"date":"2025-12-23T15:32:11","date_gmt":"2025-12-23T15:32:11","guid":{"rendered":"https:\/\/www.europesays.com\/fr\/618125\/"},"modified":"2025-12-23T15:32:11","modified_gmt":"2025-12-23T15:32:11","slug":"metros-et-funiculaires-tcl-circuleront-toute-la-nuit-a-lyon","status":"publish","type":"post","link":"https:\/\/www.europesays.com\/fr\/618125\/","title":{"rendered":"m\u00e9tros et funiculaires TCL circuleront toute la nuit \u00e0 Lyon"},"content":{"rendered":"<p itemprop=\"description\"><strong>Pour accompagner les d\u00e9placements lors de la nuit du r\u00e9veillon du 31 d\u00e9cembre au 1er janvier, le r\u00e9seau TCL met en place une offre de transport renforc\u00e9e afin de permettre aux usagers de circuler jusqu\u2019au petit matin.<\/strong><\/p>\n<p>\u00c0 cette occasion, les quatre lignes de m\u00e9tro A, B, C et D circuleront toute la nuit, avec des fr\u00e9quences adapt\u00e9es.<\/p>\n<p>Nouveaut\u00e9 pour cette \u00e9dition 2025\/2026 : en plus du funiculaire F1, la ligne F2 sera \u00e9galement en service jusqu\u2019\u00e0 5 heures du matin le 1er janvier. Des interruptions ponctuelles restent toutefois pr\u00e9vues pour la maintenance quotidienne, de 4h \u00e0 5h pour le F1 et de 5h \u00e0 6h pour le F2.<\/p>\n<p>Les lignes nocturnes Pleine Lune seront \u00e9galement mobilis\u00e9es et circuleront toutes les 35 minutes entre 0h45 et 5h, permettant de compl\u00e9ter la desserte nocturne sur l\u2019ensemble de l\u2019agglom\u00e9ration. Les autres lignes TCL fonctionneront selon leurs horaires habituels.<\/p>\n<p>Afin de garantir la s\u00e9curit\u00e9 des voyageurs, le dispositif humain d\u00e9di\u00e9 \u00e0 la s\u00fbret\u00e9 est renforc\u00e9 sur l\u2019ensemble du r\u00e9seau, en particulier dans les p\u00f4les d\u2019\u00e9changes multimodaux, avec des \u00e9quipes mobilis\u00e9es tout au long de la nuit.<\/p>\n<p>Pour faciliter l\u2019acc\u00e8s au r\u00e9seau, plusieurs Parcs Relais resteront ouverts toute la nuit, notamment Vaulx-en-Velin La Soie, Mermoz-Pinel, Vaise 1 et Saint-Genis-Laval \u2013 H\u00f4pital Lyon Sud. Les autres parkings fermeront \u00e0 leurs horaires habituels.<\/p>\n","protected":false},"excerpt":{"rendered":"Pour accompagner les d\u00e9placements lors de la nuit du r\u00e9veillon du 31 d\u00e9cembre au 1er janvier, le r\u00e9seau&hellip;\n","protected":false},"author":2,"featured_media":618126,"comment_status":"","ping_status":"","sticky":false,"template":"","format":"standard","meta":{"footnotes":""},"categories":[1889],"tags":[1111,11,2813,2190,2430,1109,251,1112,2811,1777,674,118,1011,27,1922,1110,1114,2428,2810,12,241,316,25,2812,517,800],"class_list":{"0":"post-618125","1":"post","2":"type-post","3":"status-publish","4":"format-standard","5":"has-post-thumbnail","7":"category-lyon","8":"tag-actu","9":"tag-actualites","10":"tag-article","11":"tag-asvel","12":"tag-auvergne-rhone-alpes","13":"tag-breves","14":"tag-culture","15":"tag-depeches","16":"tag-economique","17":"tag-eu","18":"tag-europe","19":"tag-faits-divers","20":"tag-fr","21":"tag-france","22":"tag-info","23":"tag-informations","24":"tag-infos","25":"tag-lyon","26":"tag-lyonmag","27":"tag-news","28":"tag-ol","29":"tag-politique","30":"tag-republique-francaise","31":"tag-sociale","32":"tag-sport","33":"tag-transports"},"share_on_mastodon":{"url":"","error":""},"_links":{"self":[{"href":"https:\/\/www.europesays.com\/fr\/wp-json\/wp\/v2\/posts\/618125","targetHints":{"allow":["GET"]}}],"collection":[{"href":"https:\/\/www.europesays.com\/fr\/wp-json\/wp\/v2\/posts"}],"about":[{"href":"https:\/\/www.europesays.com\/fr\/wp-json\/wp\/v2\/types\/post"}],"author":[{"embeddable":true,"href":"https:\/\/www.europesays.com\/fr\/wp-json\/wp\/v2\/users\/2"}],"replies":[{"embeddable":true,"href":"https:\/\/www.europesays.com\/fr\/wp-json\/wp\/v2\/comments?post=618125"}],"version-history":[{"count":0,"href":"https:\/\/www.europesays.com\/fr\/wp-json\/wp\/v2\/posts\/618125\/revisions"}],"wp:featuredmedia":[{"embeddable":true,"href":"https:\/\/www.europesays.com\/fr\/wp-json\/wp\/v2\/media\/618126"}],"wp:attachment":[{"href":"https:\/\/www.europesays.com\/fr\/wp-json\/wp\/v2\/media?parent=618125"}],"wp:term":[{"taxonomy":"category","embeddable":true,"href":"https:\/\/www.europesays.com\/fr\/wp-json\/wp\/v2\/categories?post=618125"},{"taxonomy":"post_tag","embeddable":true,"href":"https:\/\/www.europesays.com\/fr\/wp-json\/wp\/v2\/tags?post=618125"}],"curies":[{"name":"wp","href":"https:\/\/api.w.org\/{rel}","templated":true}]}}