{"id":618127,"date":"2025-12-23T15:33:21","date_gmt":"2025-12-23T15:33:21","guid":{"rendered":"https:\/\/www.europesays.com\/fr\/618127\/"},"modified":"2025-12-23T15:33:21","modified_gmt":"2025-12-23T15:33:21","slug":"tcl-le-metro-circulera-toute-la-nuit-du-nouvel-an-a-lyon","status":"publish","type":"post","link":"https:\/\/www.europesays.com\/fr\/618127\/","title":{"rendered":"TCL : le m\u00e9tro circulera toute la nuit du Nouvel an \u00e0 Lyon"},"content":{"rendered":"<p>Les TCL ont d\u00e9voil\u00e9 un dispositif sp\u00e9cial pour la nuit du 31 d\u00e9cembre au 1er janvier \u00e0 Lyon. Toutes les lignes de m\u00e9tro circuleront la nuit enti\u00e8re.<\/p>\n<p>Ce mardi 23 d\u00e9cembre, les Transports en commun lyonnais (TCL) ont d\u00e9taill\u00e9 le dispositif qui sera mis en place \u00e0 Lyon pour la nuit du 31 d\u00e9cembre au 1er janvier.<\/p>\n<p>Les m\u00e9tros circuleront toute la nuit du Nouvel an<\/p>\n<p>Fr\u00e9quence des m\u00e9tros pendant la nuit de la Saint-Sylvestre :<\/p>\n<p><b>M\u00e9tro A :<\/b> toutes les 9 \u00e0 10 minutes<\/p>\n<p><b>M\u00e9tro B :<\/b> toutes les 5\u00a0minutes<\/p>\n<p><b>M\u00e9tro C :<\/b> toutes les 12\u00a0minutes<\/p>\n<p><b>M\u00e9tro D :<\/b> toutes les 5 minutes 30<\/p>\n<p>Fr\u00e9quence des funiculaires, qui circuleront jusqu&rsquo;\u00e0 5h du matin :<\/p>\n<p><b>F1 :<\/b> toutes les 12 minutes<\/p>\n<p><b>F2 :<\/b> toutes les 10 minutes<\/p>\n<p>Des bus pour la nuit du 31 d\u00e9cembre \u00e0 Lyon<\/p>\n<p><b>Les lignes nocturnes Pleine Lune<\/b> seront \u00e9galement mobilis\u00e9es pour la nuit du r\u00e9veillon et circuleront toutes les 35 minutes entre 00h45 et 5h.<\/p>\n<p><b>Bus PL 1 :<\/b> de 00h47 \u00e0 5h<\/p>\n<p><b>Bus PL 2 :<\/b> de 1h \u00e0 5h<\/p>\n<p><b>Bus PL 3 :<\/b> de 00h42 \u00e0 5h<\/p>\n<p><b>Bus PL 4 :<\/b> de 00h46 \u00e0 5h<\/p>\n<p>Toutes les autres lignes du r\u00e9seau TCL circuleront selon leurs horaires habituels.<\/p>\n<p>Des parc relais TCL ouverts toute la nuit<\/p>\n<p>Enfin, bonne nouvelle si vous avez pr\u00e9vu d&rsquo;utiliser votre voiture avant de prendre le m\u00e9tro, le tramway ou le bus : <b>certains parcs relais TCL resteront ouverts toute la nuit du Nouvel an<\/b> (Vaulx-en-Velin La Soie, Mermoz Pinel, Vaise 1 et Saint-Genis-Laval H\u00f4pital Lyon Sud).<\/p>\n<p>Pour les autres parcs relais, ils fermeront aux horaires habituels, c&rsquo;est-\u00e0-dire 1h du matin pour ceux en correspondance avec les tramways et 3h du matin pour ceux en correspondance avec les m\u00e9tros.<\/p>\n<p>Tous les horaires et les inforlmations sont \u00e0 retrouver sur le site <a class=\"url\" href=\"https:\/\/www.tcl.fr\/\" target=\"_blank\" rel=\"noopener\">ww.tcl.fr<\/a>.<\/p>\n<p><img loading=\"lazy\" decoding=\"async\" src=\"https:\/\/www.europesays.com\/fr\/wp-content\/uploads\/2025\/12\/1766504001_163_img\" width=\"350\" height=\"200\" border=\"0\" title=\"De la neige pour No\u00c3\u00abl \u00c3\u00a0 Lyon ?\"\/><\/p>\n<p>\u25baM\u00e9t\u00e9o<\/p>\n<p style=\"font-size: 22px;\"><b>Retour du froid \u00e0 Lyon : de la neige attendue le jour de No\u00ebl ?<\/b><\/p>\n<p>Apr\u00e8s un p\u00e9riode de redoux, les temp\u00e9ratures&#8230;<\/p>\n<p><\/p>\n","protected":false},"excerpt":{"rendered":"Les TCL ont d\u00e9voil\u00e9 un dispositif sp\u00e9cial pour la nuit du 31 d\u00e9cembre au 1er janvier \u00e0 Lyon.&hellip;\n","protected":false},"author":2,"featured_media":618128,"comment_status":"","ping_status":"","sticky":false,"template":"","format":"standard","meta":{"footnotes":""},"categories":[1889],"tags":[72173,1111,11,2430,7048,1777,674,1011,27,2428,5428,12,39117,25,10213,4109],"class_list":{"0":"post-618127","1":"post","2":"type-post","3":"status-publish","4":"format-standard","5":"has-post-thumbnail","7":"category-lyon","8":"tag-31-dcembre","9":"tag-actu","10":"tag-actualites","11":"tag-auvergne-rhone-alpes","12":"tag-bus","13":"tag-eu","14":"tag-europe","15":"tag-fr","16":"tag-france","17":"tag-lyon","18":"tag-mtro","19":"tag-news","20":"tag-nouvel-an","21":"tag-republique-francaise","22":"tag-tcl","23":"tag-tramway"},"share_on_mastodon":{"url":"https:\/\/pubeurope.com\/@fr\/115769613783276053","error":""},"_links":{"self":[{"href":"https:\/\/www.europesays.com\/fr\/wp-json\/wp\/v2\/posts\/618127","targetHints":{"allow":["GET"]}}],"collection":[{"href":"https:\/\/www.europesays.com\/fr\/wp-json\/wp\/v2\/posts"}],"about":[{"href":"https:\/\/www.europesays.com\/fr\/wp-json\/wp\/v2\/types\/post"}],"author":[{"embeddable":true,"href":"https:\/\/www.europesays.com\/fr\/wp-json\/wp\/v2\/users\/2"}],"replies":[{"embeddable":true,"href":"https:\/\/www.europesays.com\/fr\/wp-json\/wp\/v2\/comments?post=618127"}],"version-history":[{"count":0,"href":"https:\/\/www.europesays.com\/fr\/wp-json\/wp\/v2\/posts\/618127\/revisions"}],"wp:featuredmedia":[{"embeddable":true,"href":"https:\/\/www.europesays.com\/fr\/wp-json\/wp\/v2\/media\/618128"}],"wp:attachment":[{"href":"https:\/\/www.europesays.com\/fr\/wp-json\/wp\/v2\/media?parent=618127"}],"wp:term":[{"taxonomy":"category","embeddable":true,"href":"https:\/\/www.europesays.com\/fr\/wp-json\/wp\/v2\/categories?post=618127"},{"taxonomy":"post_tag","embeddable":true,"href":"https:\/\/www.europesays.com\/fr\/wp-json\/wp\/v2\/tags?post=618127"}],"curies":[{"name":"wp","href":"https:\/\/api.w.org\/{rel}","templated":true}]}}