{"id":618139,"date":"2025-12-23T15:41:14","date_gmt":"2025-12-23T15:41:14","guid":{"rendered":"https:\/\/www.europesays.com\/fr\/618139\/"},"modified":"2025-12-23T15:41:14","modified_gmt":"2025-12-23T15:41:14","slug":"une-enveloppe-suspecte-retrouvee-dans-la-cour-que-sest-il-passe-au-consulat-de-russie-a-strasbourg","status":"publish","type":"post","link":"https:\/\/www.europesays.com\/fr\/618139\/","title":{"rendered":"Une enveloppe suspecte retrouv\u00e9e dans la cour\u00a0: que s\u2019est-il pass\u00e9 au consulat de Russie \u00e0 Strasbourg\u00a0?"},"content":{"rendered":"<p>\n                                                                Une enveloppe suspecte a \u00e9t\u00e9 jet\u00e9e au sein du consulat russe \u00e0 Strasbourg, dans le Grand Est, lundi 22\u00a0d\u00e9cembre 2025. Une \u00e9quipe de d\u00e9mineurs a \u00e9t\u00e9 d\u00e9ploy\u00e9e.\n                            <\/p>\n<p>Lundi 22\u00a0d\u00e9cembre 2025, une enveloppe suspecte a \u00e9t\u00e9 d\u00e9couverte dans la cour du consulat g\u00e9n\u00e9ral de Russie \u00e0 Strasbourg, dans le Bas-Rhin. Les secours ont \u00e9t\u00e9 appel\u00e9s en fin de matin\u00e9e apr\u00e8s que du personnel a vu une grosse enveloppe \u00eatre jet\u00e9e par-dessus\u00a0les grilles du b\u00e2timent, dans la cour du consulat.<\/p>\n<p>Le p\u00e9rim\u00e8tre lev\u00e9 en d\u00e9but d\u2019apr\u00e8s-midi<\/p>\n<p>D\u00e8s son\u00a0arriv\u00e9e aux alentours de 11\u00a0h\u00a030, la police a rapidement install\u00e9 un p\u00e9rim\u00e8tre de s\u00e9curit\u00e9 autour de la b\u00e2tisse. Selon <a href=\"https:\/\/www.lalsace.fr\/faits-divers-justice\/2025\/12\/22\/un-colis-suspect-retrouve-dans-le-consulat-de-russie\" target=\"_blank\" rel=\"noopener\">L\u2019Alsace<\/a>, le Groupe d\u2019intervention d\u00e9minage de la Protection civile ainsi que la cellule risques chimiques des sapeurs-pompiers du Bas-Rhin sont intervenus.<\/p>\n<p>Apr\u00e8s analyse du contenu de l\u2019enveloppe, le p\u00e9rim\u00e8tre de s\u00e9curit\u00e9 a \u00e9t\u00e9 lev\u00e9 vers 13\u00a0heures. La lettre ne contenait que des feuilles de papier dont les messages \u00e9taient illisibles. La circulation a pu reprendre normalement autour de la zone d\u00e9limit\u00e9e.<\/p>\n<p>Cet \u00e9v\u00e9nement est survenu dans un contexte tendu, <a href=\"https:\/\/www.midilibre.fr\/2025\/12\/22\/guerre-en-ukraine-sa-voiture-a-explose-le-chef-detat-major-russe-fanil-sarvarov-tue-dans-son-vehicule-13125338.php\" target=\"_blank\" rel=\"noopener\">un g\u00e9n\u00e9ral russe ayant \u00e9t\u00e9 tu\u00e9\u00a0dans une explosion dans la m\u00eame matin\u00e9e.<\/a><\/p>\n","protected":false},"excerpt":{"rendered":"Une enveloppe suspecte a \u00e9t\u00e9 jet\u00e9e au sein du consulat russe \u00e0 Strasbourg, dans le Grand Est, lundi&hellip;\n","protected":false},"author":2,"featured_media":618140,"comment_status":"","ping_status":"","sticky":false,"template":"","format":"standard","meta":{"footnotes":""},"categories":[1591],"tags":[11,118,1887,12,1885,1886,132],"class_list":{"0":"post-618139","1":"post","2":"type-post","3":"status-publish","4":"format-standard","5":"has-post-thumbnail","7":"category-russie","8":"tag-actualites","9":"tag-faits-divers","10":"tag-federation-de-russie","11":"tag-news","12":"tag-russia","13":"tag-russian-federation","14":"tag-russie"},"share_on_mastodon":{"url":"https:\/\/pubeurope.com\/@fr\/115769644488103620","error":""},"_links":{"self":[{"href":"https:\/\/www.europesays.com\/fr\/wp-json\/wp\/v2\/posts\/618139","targetHints":{"allow":["GET"]}}],"collection":[{"href":"https:\/\/www.europesays.com\/fr\/wp-json\/wp\/v2\/posts"}],"about":[{"href":"https:\/\/www.europesays.com\/fr\/wp-json\/wp\/v2\/types\/post"}],"author":[{"embeddable":true,"href":"https:\/\/www.europesays.com\/fr\/wp-json\/wp\/v2\/users\/2"}],"replies":[{"embeddable":true,"href":"https:\/\/www.europesays.com\/fr\/wp-json\/wp\/v2\/comments?post=618139"}],"version-history":[{"count":0,"href":"https:\/\/www.europesays.com\/fr\/wp-json\/wp\/v2\/posts\/618139\/revisions"}],"wp:featuredmedia":[{"embeddable":true,"href":"https:\/\/www.europesays.com\/fr\/wp-json\/wp\/v2\/media\/618140"}],"wp:attachment":[{"href":"https:\/\/www.europesays.com\/fr\/wp-json\/wp\/v2\/media?parent=618139"}],"wp:term":[{"taxonomy":"category","embeddable":true,"href":"https:\/\/www.europesays.com\/fr\/wp-json\/wp\/v2\/categories?post=618139"},{"taxonomy":"post_tag","embeddable":true,"href":"https:\/\/www.europesays.com\/fr\/wp-json\/wp\/v2\/tags?post=618139"}],"curies":[{"name":"wp","href":"https:\/\/api.w.org\/{rel}","templated":true}]}}