{"id":618145,"date":"2025-12-23T15:44:22","date_gmt":"2025-12-23T15:44:22","guid":{"rendered":"https:\/\/www.europesays.com\/fr\/618145\/"},"modified":"2025-12-23T15:44:22","modified_gmt":"2025-12-23T15:44:22","slug":"l-union-europeenne-denonce-un-accord-entre-royaume-uni-et-norvege-qui-pourrait-faire-dommages-irreversibles-a-la-population-de-maquereaux","status":"publish","type":"post","link":"https:\/\/www.europesays.com\/fr\/618145\/","title":{"rendered":"L&rsquo; Union europ\u00e9enne d\u00e9nonce un accord entre Royaume-Uni et Norv\u00e8ge qui pourrait faire &lsquo;dommages irr\u00e9versibles \u00e0 la population de maquereaux&rsquo;"},"content":{"rendered":"<p>\u00ab\u00a0Cette d\u00e9cision a \u00e9t\u00e9 prise sans consultation pr\u00e9alable avec l&rsquo;Union europ\u00e9enne\u00a0\u00bb, a critiqu\u00e9 la Commission, dans un communiqu\u00e9 transmis \u00e0 l&rsquo;AFP.<\/p>\n<p>Annonc\u00e9 le 16 d\u00e9cembre, cet accord entre les autorit\u00e9s britanniques, norv\u00e9giennes, f\u00e9ro\u00efennes et islandaises fixe \u00ab\u00a0un total admissible de captures (TAC) de plus de 299.000 tonnes\u00a0\u00bb de maquereaux en 2026, \u00ab\u00a0soit 72 % de plus que les recommandations scientifiques\u00a0\u00bb, a d\u00e9plor\u00e9 Bruxelles.<\/p>\n<p>\u00ab\u00a0Cela intervient alors que le stock est d\u00e9j\u00e0 en dessous des limites biologiques et risque de s&rsquo;effondrer, aggravant ainsi le probl\u00e8me de la surp\u00eache. Une exploitation aussi excessive menace de causer des dommages irr\u00e9versibles \u00e0 la population de maquereaux\u00a0\u00bb, a mis en garde la Commission europ\u00e9enne.<\/p>\n<p>\u00ab\u00a0L&rsquo;UE cherchera \u00e0 obtenir des \u00e9claircissements suppl\u00e9mentaires aupr\u00e8s des parties concern\u00e9es et se tient pr\u00eate \u00e0 poursuivre de bonne foi des consultations intensives impliquant tous les \u00c9tats c\u00f4tiers\u00a0\u00bb, a-t-elle ajout\u00e9.<\/p>\n","protected":false},"excerpt":{"rendered":"\u00ab\u00a0Cette d\u00e9cision a \u00e9t\u00e9 prise sans consultation pr\u00e9alable avec l&rsquo;Union europ\u00e9enne\u00a0\u00bb, a critiqu\u00e9 la Commission, dans un communiqu\u00e9&hellip;\n","protected":false},"author":2,"featured_media":618146,"comment_status":"","ping_status":"","sticky":false,"template":"","format":"standard","meta":{"footnotes":""},"categories":[1588],"tags":[11,1777,674,12,473,1853,1851,1850,1852],"class_list":{"0":"post-618145","1":"post","2":"type-post","3":"status-publish","4":"format-standard","5":"has-post-thumbnail","7":"category-royaume-uni","8":"tag-actualites","9":"tag-eu","10":"tag-europe","11":"tag-news","12":"tag-royaume-uni","13":"tag-royaume-uni-de-grande-bretagne-et-dirlande-du-nord","14":"tag-uk","15":"tag-united-kingdom","16":"tag-united-kingdom-of-great-britain-and-northern-ireland"},"share_on_mastodon":{"url":"https:\/\/pubeurope.com\/@fr\/115769656289534485","error":""},"_links":{"self":[{"href":"https:\/\/www.europesays.com\/fr\/wp-json\/wp\/v2\/posts\/618145","targetHints":{"allow":["GET"]}}],"collection":[{"href":"https:\/\/www.europesays.com\/fr\/wp-json\/wp\/v2\/posts"}],"about":[{"href":"https:\/\/www.europesays.com\/fr\/wp-json\/wp\/v2\/types\/post"}],"author":[{"embeddable":true,"href":"https:\/\/www.europesays.com\/fr\/wp-json\/wp\/v2\/users\/2"}],"replies":[{"embeddable":true,"href":"https:\/\/www.europesays.com\/fr\/wp-json\/wp\/v2\/comments?post=618145"}],"version-history":[{"count":0,"href":"https:\/\/www.europesays.com\/fr\/wp-json\/wp\/v2\/posts\/618145\/revisions"}],"wp:featuredmedia":[{"embeddable":true,"href":"https:\/\/www.europesays.com\/fr\/wp-json\/wp\/v2\/media\/618146"}],"wp:attachment":[{"href":"https:\/\/www.europesays.com\/fr\/wp-json\/wp\/v2\/media?parent=618145"}],"wp:term":[{"taxonomy":"category","embeddable":true,"href":"https:\/\/www.europesays.com\/fr\/wp-json\/wp\/v2\/categories?post=618145"},{"taxonomy":"post_tag","embeddable":true,"href":"https:\/\/www.europesays.com\/fr\/wp-json\/wp\/v2\/tags?post=618145"}],"curies":[{"name":"wp","href":"https:\/\/api.w.org\/{rel}","templated":true}]}}