{"id":618149,"date":"2025-12-23T15:46:14","date_gmt":"2025-12-23T15:46:14","guid":{"rendered":"https:\/\/www.europesays.com\/fr\/618149\/"},"modified":"2025-12-23T15:46:14","modified_gmt":"2025-12-23T15:46:14","slug":"selon-la-ministre-la-presidence-danoise-a-renforce-la-defense-et-la-competitivite-de-leurope","status":"publish","type":"post","link":"https:\/\/www.europesays.com\/fr\/618149\/","title":{"rendered":"Selon la ministre, la pr\u00e9sidence danoise a renforc\u00e9 la d\u00e9fense et la comp\u00e9titivit\u00e9 de l&rsquo;Europe"},"content":{"rendered":"<p>L&rsquo;Union europ\u00e9enne, sous la pr\u00e9sidence danoise, a r\u00e9alis\u00e9 des progr\u00e8s significatifs dans les domaines politiques consid\u00e9r\u00e9s comme prioritaires pour Copenhague, a d\u00e9clar\u00e9 la ministre danoise des Affaires europ\u00e9ennes, Marie Bjerre, dans l&rsquo;\u00e9mission phare d&rsquo;Euronews, <strong>12 Minutes With<\/strong>. <\/p>\n<p>Le gouvernement danois assure la pr\u00e9sidence tournante du Conseil de l&rsquo;UE depuis le 1er juillet 2025, ce qui lui permet de d\u00e9finir l&rsquo;ordre du jour \u00e0 Bruxelles. L&rsquo;une de ses priorit\u00e9s \u00e9tait de s&rsquo;attaquer \u00e0 la \u00ab bureaucratie \u00bb et \u00e0 la \u00ab surr\u00e9glementation \u00bb afin de restaurer la comp\u00e9titivit\u00e9 de l&rsquo;UE face \u00e0 la Chine et aux \u00c9tats-Unis. <\/p>\n<p>\u00ab Nous avons dit d\u00e8s le d\u00e9but que nous voulions une Europe plus forte en mati\u00e8re de s\u00e9curit\u00e9 et de d\u00e9fense, mais aussi en mati\u00e8re de comp\u00e9titivit\u00e9, qui \u00e9tait le deuxi\u00e8me th\u00e8me. Et nous avons vraiment r\u00e9ussi \u00e0 obtenir des r\u00e9sultats dans ce domaine \u00bb, a d\u00e9clar\u00e9 Mme Bjerre \u00e0 Euronews. <\/p>\n<p>En 2025, la Commission a propos\u00e9 dix paquets de simplification, ou propositions Omnibus, visant \u00e0 all\u00e9ger la r\u00e9glementation europ\u00e9enne dans divers domaines, de l&rsquo;agriculture \u00e0 la d\u00e9fense en passant par la digitalisation. <\/p>\n<p>\u00ab Au cours de notre pr\u00e9sidence, nous avons r\u00e9ussi \u00e0 trouver un accord avec le Parlement europ\u00e9en sur trois des paquets Omnibus \u00bb, a d\u00e9clar\u00e9 Mme Bjerre, ajoutant qu&rsquo;elle \u00e9tait \u00ab particuli\u00e8rement satisfaite \u00bb que le Parlement europ\u00e9en ait approuv\u00e9 le paquet Omnibus I au d\u00e9but du mois, acceptant de r\u00e9duire les exigences en mati\u00e8re de reporting sur le d\u00e9veloppement durable et de diligence raisonnable. <\/p>\n<p>\u00ab Cela all\u00e9gera la charge qui p\u00e8se sur nos entreprises et constitue un premier pas dans la bonne direction pour faciliter les affaires en Europe, ce dont nous avons vraiment besoin si nous voulons am\u00e9liorer notre comp\u00e9titivit\u00e9 en Europe \u00bb, a d\u00e9clar\u00e9 Mme Bjerre. <\/p>\n<p>D\u00e9r\u00e9glementation n\u00e9cessaire \u00e0 la croissance<\/p>\n<p>Mme Bjerre a contest\u00e9 les affirmations des d\u00e9fenseurs du climat selon lesquelles certaines mesures de simplification affaiblissent les lois cl\u00e9s en mati\u00e8re de durabilit\u00e9 pr\u00e9vues par le Pacte vert pour l&rsquo;Europe. <\/p>\n<p>\u00ab Au contraire, si nous ne renfor\u00e7ons pas notre comp\u00e9titivit\u00e9, nous ne serons pas en mesure de relever les d\u00e9fis climatiques auxquels nous sommes confront\u00e9s \u00bb, a-t-elle d\u00e9clar\u00e9, ajoutant que pour cela, l&rsquo;UE avait besoin d&rsquo;une \u00e9conomie forte dot\u00e9e de nouvelles technologies vertes. <\/p>\n<p>\u00ab Elles ne peuvent pas prosp\u00e9rer si nous ne disposons pas d&rsquo;un environnement \u00e9conomique favorable, o\u00f9 les entreprises peuvent facilement se d\u00e9velopper, cro\u00eetre et trouver des investissements. Pour moi, tout cela va de pair. \u00bb <\/p>\n<p>Mme Bjerre a \u00e9galement salu\u00e9 le paquet Omnibus num\u00e9rique de l&rsquo;UE, qui vise \u00e0 rendre les entreprises num\u00e9riques comp\u00e9titives. Certains critiques affirment que ce recul par rapport \u00e0 l&rsquo;objectif de l&rsquo;Europe de devenir un pionnier en mati\u00e8re de l\u00e9gislation technologique est le r\u00e9sultat des menaces du pr\u00e9sident am\u00e9ricain Donald Trump d&rsquo;imposer des droits de douane aux pays qu&rsquo;il accuse d&rsquo;attaquer les entreprises technologiques am\u00e9ricaines. <\/p>\n<p>\u00ab Je trouve cet argument assez \u00e9trange \u00bb, a d\u00e9clar\u00e9 Mme Bjerre. \u00ab L&rsquo;Europe avait besoin d&rsquo;am\u00e9liorer sa comp\u00e9titivit\u00e9, avec ou sans Trump. \u00bb Elle a ajout\u00e9 que cela avait \u00e9t\u00e9 d\u00e9montr\u00e9 dans le rapport publi\u00e9 l&rsquo;ann\u00e9e derni\u00e8re par l&rsquo;ancien pr\u00e9sident de la Banque centrale europ\u00e9enne, Mario Draghi, qui soulignait que la surr\u00e9glementation constituait un obstacle majeur \u00e0 la croissance num\u00e9rique. <\/p>\n<p>Mod\u00e8le danois<\/p>\n<p>La pr\u00e9sidence danoise a \u00e9galement men\u00e9 les n\u00e9gociations sur des d\u00e9veloppements importants en mati\u00e8re de politique migratoire, notamment <a href=\"https:\/\/www.euronews.com\/my-europe\/2025\/12\/11\/from-return-hubs-to-sanctions-for-smugglers-eu-strikes-harder-line-on-illegal-migration\" target=\"_blank\" rel=\"noopener\">en parvenant \u00e0 un accord<\/a> sur le concept de \u00ab pays tiers s\u00fbr \u00bb afin de permettre le traitement externe dans des \u00ab centres de retour \u00bb et d&rsquo;acc\u00e9l\u00e9rer les retours. <\/p>\n<p>\u00ab Cela faisait \u00e9galement partie des priorit\u00e9s de notre pr\u00e9sidence, et cela contribue \u00e0 rendre l&rsquo;Europe plus s\u00fbre \u00bb, a d\u00e9clar\u00e9 Mme Bjerre. \u00ab Nous devons mieux contr\u00f4ler les migrants qui arrivent en Europe et nous devons am\u00e9liorer le renvoi des migrants en situation irr\u00e9guli\u00e8re. \u00bb <\/p>\n<p>Les politiques d&rsquo;immigration \u00ab intransigeantes \u00bb du Danemark, autrefois tr\u00e8s critiqu\u00e9es et connues sous le nom de mod\u00e8le danois, sont d\u00e9sormais adopt\u00e9es et influencent la politique g\u00e9n\u00e9rale de l&rsquo;UE. Cependant, selon Mme Bjerre, cela n&rsquo;est pas suffisant. <\/p>\n<p>\u00ab Je constate que de plus en plus de pays adh\u00e8rent \u00e0 l&rsquo;approche adopt\u00e9e par le Danemark \u00e0 cet \u00e9gard, et je me r\u00e9jouis que nous ayons conclu ces accords, mais il reste encore beaucoup de probl\u00e8mes \u00e0 r\u00e9soudre. Il existe toujours des conventions qui stipulent que nous devons offrir une meilleure protection aux immigrants criminels qu&rsquo;\u00e0 nos propres citoyens \u00bb, a-t-elle d\u00e9clar\u00e9, faisant r\u00e9f\u00e9rence \u00e0 la Convention europ\u00e9enne des droits de l&rsquo;homme (CEDH). <\/p>\n<p>Plusieurs pays de l&rsquo;UE, dont le Danemark, font pression pour qu&rsquo;une nouvelle interpr\u00e9tation de cette convention soit adopt\u00e9e afin de faciliter l&rsquo;expulsion des criminels et des migrants en situation irr\u00e9guli\u00e8re. \u00ab Il s&rsquo;agit \u00e9galement d&rsquo;une question de cr\u00e9dibilit\u00e9 et de confiance dans notre d\u00e9mocratie. Si la convention et les juges \u00e9laborent nos lois \u00e0 la place des politiciens \u00e9lus, nous perdrons confiance dans notre d\u00e9mocratie, c&rsquo;est donc quelque chose que nous devons prendre au s\u00e9rieux \u00bb, a ajout\u00e9 Mme Bjerre. <\/p>\n<p>Interrog\u00e9e sur les priorit\u00e9s de Chypre, qui assurera la pr\u00e9sidence de l&rsquo;UE \u00e0 partir du 1er janvier 2026, Mme Bjerre a d\u00e9clar\u00e9 que les questions europ\u00e9ennes cl\u00e9s devraient figurer en t\u00eate de l&rsquo;ordre du jour : la s\u00e9curit\u00e9 et la d\u00e9fense, ainsi que la comp\u00e9titivit\u00e9. \u00ab J&rsquo;esp\u00e8re vraiment que la pr\u00e9sidence chypriote fera de son mieux \u00e0 cet \u00e9gard. J&rsquo;en suis s\u00fbre. \u00bb <\/p>\n","protected":false},"excerpt":{"rendered":"L&rsquo;Union europ\u00e9enne, sous la pr\u00e9sidence danoise, a r\u00e9alis\u00e9 des progr\u00e8s significatifs dans les domaines politiques consid\u00e9r\u00e9s comme prioritaires&hellip;\n","protected":false},"author":2,"featured_media":618150,"comment_status":"","ping_status":"","sticky":false,"template":"","format":"standard","meta":{"footnotes":""},"categories":[1586],"tags":[11,145,1777,674,1011,27,1061,12,144,17749,36336,25,364],"class_list":{"0":"post-618149","1":"post","2":"type-post","3":"status-publish","4":"format-standard","5":"has-post-thumbnail","7":"category-europe","8":"tag-actualites","9":"tag-danemark","10":"tag-eu","11":"tag-europe","12":"tag-fr","13":"tag-france","14":"tag-immigration","15":"tag-news","16":"tag-politique-danemark","17":"tag-politique-europeenne","18":"tag-presidence-de-lue","19":"tag-republique-francaise","20":"tag-union-europeenne"},"share_on_mastodon":{"url":"https:\/\/pubeurope.com\/@fr\/115769664189227330","error":""},"_links":{"self":[{"href":"https:\/\/www.europesays.com\/fr\/wp-json\/wp\/v2\/posts\/618149","targetHints":{"allow":["GET"]}}],"collection":[{"href":"https:\/\/www.europesays.com\/fr\/wp-json\/wp\/v2\/posts"}],"about":[{"href":"https:\/\/www.europesays.com\/fr\/wp-json\/wp\/v2\/types\/post"}],"author":[{"embeddable":true,"href":"https:\/\/www.europesays.com\/fr\/wp-json\/wp\/v2\/users\/2"}],"replies":[{"embeddable":true,"href":"https:\/\/www.europesays.com\/fr\/wp-json\/wp\/v2\/comments?post=618149"}],"version-history":[{"count":0,"href":"https:\/\/www.europesays.com\/fr\/wp-json\/wp\/v2\/posts\/618149\/revisions"}],"wp:featuredmedia":[{"embeddable":true,"href":"https:\/\/www.europesays.com\/fr\/wp-json\/wp\/v2\/media\/618150"}],"wp:attachment":[{"href":"https:\/\/www.europesays.com\/fr\/wp-json\/wp\/v2\/media?parent=618149"}],"wp:term":[{"taxonomy":"category","embeddable":true,"href":"https:\/\/www.europesays.com\/fr\/wp-json\/wp\/v2\/categories?post=618149"},{"taxonomy":"post_tag","embeddable":true,"href":"https:\/\/www.europesays.com\/fr\/wp-json\/wp\/v2\/tags?post=618149"}],"curies":[{"name":"wp","href":"https:\/\/api.w.org\/{rel}","templated":true}]}}