{"id":618157,"date":"2025-12-23T15:51:13","date_gmt":"2025-12-23T15:51:13","guid":{"rendered":"https:\/\/www.europesays.com\/fr\/618157\/"},"modified":"2025-12-23T15:51:13","modified_gmt":"2025-12-23T15:51:13","slug":"stupeur-sur-le-plateau-de-france-3-limousin-apres-le-malaise-dun-presentateur-en-direct","status":"publish","type":"post","link":"https:\/\/www.europesays.com\/fr\/618157\/","title":{"rendered":"stupeur sur le plateau de France 3 Limousin apr\u00e8s le malaise d&rsquo;un pr\u00e9sentateur en direct"},"content":{"rendered":"<p class=\"article-p mdl\">L&rsquo;image fait froid dans le dos. Ce lundi 22 d\u00e9cembre, alors qu&rsquo;il pr\u00e9sentait un nouveau sujet du 19\/20, le journaliste\u00a0Fabrice Bidault\u00a0a \u00e9t\u00e9\u00a0<a class=\"link\" href=\"https:\/\/www.rtl.fr\/actu\/sante\/sante-comment-reagir-si-une-personne-fait-un-malaise-vagal-devant-vous-7900540093\" target=\"_blank\" rel=\"noopener\">victime d&rsquo;un malaise<\/a>\u00a0en plein direct sur le plateau de France 3 Limousin.\u00a0<\/p>\n<p class=\"article-p mdl\">La sc\u00e8ne s&rsquo;est d\u00e9roul\u00e9e apr\u00e8s une dizaine de minutes d&rsquo;\u00e9mission lorsque le pr\u00e9sentateur s&rsquo;entretenait avec son invit\u00e9, la directrice de\u00a0France nature environnement, Marion Fortune. Dans la vid\u00e9o qui circule depuis lundi soir sur les r\u00e9seaux sociaux, on peut voir Fabrice Bidault dire \u00ab\u00a0il y a un autre sujet tr\u00e8s important, c\u2019est les baisses qui&#8230;\u00a0\u00bb avant de tomber de sa chaise. \u00ab\u00a0\u00c7a va\u00a0?\u00a0\u00bb, lance imm\u00e9diatement son invit\u00e9e en se penchant sur lui.\u00a0<\/p>\n<blockquote class=\"twitter-tweet\" data-media-max-width=\"560\">\n<p lang=\"fr\" dir=\"ltr\">\ud83d\udcfa Incident impressionnant hier sur le plateau du 19\/20 de France 3 Limousin ! Le pr\u00e9sentateur Fabrice Bidault a \u00e9t\u00e9 victime d\u2019un malaise et s\u2019est effondr\u00e9 en direct avant que l\u2019antenne ne soit interrompue.<\/p>\n<p>\ud83d\udc49 L\u2019antenne a repris quatre minutes apr\u00e8s par la pr\u00e9sentatrice Annaick\u2026 <a href=\"https:\/\/t.co\/Tf1OBPaZgM\">pic.twitter.com\/Tf1OBPaZgM<\/a><\/p>\n<p>\u2014 baguette. \ud83d\udcfa actus m\u00e9dias (@sirhcgd) <a href=\"https:\/\/twitter.com\/sirhcgd\/status\/2003355666283372589?ref_src=twsrc%5Etfw\" target=\"_blank\" rel=\"noopener\">December 23, 2025<\/a><\/p><\/blockquote>\n<p class=\"article-p mdl\">Paniqu\u00e9e, Marion Fortune poursuit : \u00ab\u00a0Il y a un probl\u00e8me !\u00a0\u00bb. Avant que l&rsquo;antenne ne soit coup\u00e9e par une page de publicit\u00e9, on aper\u00e7oit deux techniciens s&rsquo;approcher pour venir en aide au pr\u00e9sentateur. Le direct est finalement r\u00e9tabli quelques minutes plus tard.\u00a0<\/p>\n<p class=\"article-p mdl\">Les t\u00e9l\u00e9spectateurs sont alors rassur\u00e9s par la journaliste Anna\u00efck Demars, qui a pris place sur le plateau pour remplacer, \u00e0 la h\u00e2te, Fabrice Bidault. \u00ab\u00a0Bonsoir \u00e0 tous, merci de nous avoir rejoints sur France 3 Limousin. J\u2019ai pris le relais de mon coll\u00e8gue Fabrice Bidault qui a fait un petit malaise.\u00a0Il va bien, je vous rassure, on va donc poursuivre ce journal\u00a0\u00bb, indique la pr\u00e9sentatrice joker.\u00a0<\/p>\n<p class=\"article-p mdl\">En toute fin d&rsquo;\u00e9dition du 19\/20, Anna\u00efck Demars a, de nouveau, donn\u00e9 des nouvelles du pr\u00e9sentateur pour rassurer les t\u00e9l\u00e9spectateurs de France 3. \u00ab\u00a0Avant de refermer ce journal, sachez que notre coll\u00e8gue Fabrice Bidault va bien, il a fait un petit malaise, heureusement sans gravit\u00e9. On lui souhaite de se r\u00e9tablir tr\u00e8s vite\u00a0\u00bb. Nul ne sait pour le moment si le journaliste reprendra les r\u00eanes de son journal ce mardi 23 d\u00e9cembre.\u00a0<\/p>\n<p>    La r\u00e9daction vous recommande<\/p>\n<p class=\"s-newsletter__title\">\n                L\u2019actualit\u00e9 par la r\u00e9daction de RTL dans votre bo\u00eete mail.\n            <\/p>\n<p class=\"s-newsletter__subtitle\">\n                Gr\u00e2ce \u00e0 votre compte RTL abonnez-vous \u00e0 la newsletter RTL info pour suivre toute l&rsquo;actualit\u00e9 au quotidien\n            <\/p>\n<p>\n                                    Lire la suite\n                                <\/p>\n<p>                            <script async src=\"https:\/\/platform.twitter.com\/widgets.js\" charset=\"utf-8\"><\/script><\/p>\n","protected":false},"excerpt":{"rendered":"L&rsquo;image fait froid dans le dos. Ce lundi 22 d\u00e9cembre, alors qu&rsquo;il pr\u00e9sentait un nouveau sujet du 19\/20,&hellip;\n","protected":false},"author":2,"featured_media":618158,"comment_status":"","ping_status":"","sticky":false,"template":"","format":"standard","meta":{"footnotes":""},"categories":[4],"tags":[11,107,1011,27,876,5419,2957,8529,500,12,25],"class_list":{"0":"post-618157","1":"post","2":"type-post","3":"status-publish","4":"format-standard","5":"has-post-thumbnail","7":"category-france","8":"tag-actualites","9":"tag-fil-info","10":"tag-fr","11":"tag-france","12":"tag-france-3","13":"tag-journal-televise","14":"tag-journaliste","15":"tag-limousin","16":"tag-medias","17":"tag-news","18":"tag-republique-francaise"},"share_on_mastodon":{"url":"https:\/\/pubeurope.com\/@fr\/115769683743347762","error":""},"_links":{"self":[{"href":"https:\/\/www.europesays.com\/fr\/wp-json\/wp\/v2\/posts\/618157","targetHints":{"allow":["GET"]}}],"collection":[{"href":"https:\/\/www.europesays.com\/fr\/wp-json\/wp\/v2\/posts"}],"about":[{"href":"https:\/\/www.europesays.com\/fr\/wp-json\/wp\/v2\/types\/post"}],"author":[{"embeddable":true,"href":"https:\/\/www.europesays.com\/fr\/wp-json\/wp\/v2\/users\/2"}],"replies":[{"embeddable":true,"href":"https:\/\/www.europesays.com\/fr\/wp-json\/wp\/v2\/comments?post=618157"}],"version-history":[{"count":0,"href":"https:\/\/www.europesays.com\/fr\/wp-json\/wp\/v2\/posts\/618157\/revisions"}],"wp:featuredmedia":[{"embeddable":true,"href":"https:\/\/www.europesays.com\/fr\/wp-json\/wp\/v2\/media\/618158"}],"wp:attachment":[{"href":"https:\/\/www.europesays.com\/fr\/wp-json\/wp\/v2\/media?parent=618157"}],"wp:term":[{"taxonomy":"category","embeddable":true,"href":"https:\/\/www.europesays.com\/fr\/wp-json\/wp\/v2\/categories?post=618157"},{"taxonomy":"post_tag","embeddable":true,"href":"https:\/\/www.europesays.com\/fr\/wp-json\/wp\/v2\/tags?post=618157"}],"curies":[{"name":"wp","href":"https:\/\/api.w.org\/{rel}","templated":true}]}}