{"id":618159,"date":"2025-12-23T15:54:14","date_gmt":"2025-12-23T15:54:14","guid":{"rendered":"https:\/\/www.europesays.com\/fr\/618159\/"},"modified":"2025-12-23T15:54:14","modified_gmt":"2025-12-23T15:54:14","slug":"cet-ancien-champion-de-france-reprend-le-rugby-a-43-ans-en-regionale-2","status":"publish","type":"post","link":"https:\/\/www.europesays.com\/fr\/618159\/","title":{"rendered":"Cet ancien champion de France reprend le rugby \u00e0 43 ans en R\u00e9gionale 2"},"content":{"rendered":"<p>\n                                                                    l&rsquo;essentiel<br \/>\n                                                                L\u2019ancien talonneur Mathieu Bonello est sorti de sa retraite. \u00c0 43 ans, l\u2019ex-joueur du Castres Olympique a rechauss\u00e9 les crampons \u00e0 l\u2019Union Rive Gauche XV, en R\u00e9gionale 2.\n                            <\/p>\n<p>Ce dimanche 21\u00a0d\u00e9cembre, il y avait, sur le terrain de Brens, un visage qui devait \u00eatre familier \u00e0 bon nombre de personnes. Y compris au sein du club adverse. Lors de son match nul face \u00e0 Luzech (31-31), l\u2019Union Rive Gauche XV a couch\u00e9 un nom particulier sur la feuille de match, celui de Mathieu Bonello. Le champion de France 2013 avec le Castres Olympique, retir\u00e9 des terrains depuis 2016, a d\u00e9cid\u00e9 de renfiler les crampons, pour le plaisir. \u00ab\u00a0Son neveu Corentin (Sevillano, demi de m\u00eal\u00e9e) \u00e9volue dans notre club, il d\u00e9sirait jouer avec lui, confie Bernard Chamayou, pr\u00e9sident de l\u2019URG. On a valid\u00e9 sa licence le vendredi juste avant la rencontre (le 19\u00a0d\u00e9cembre). Il devrait disputer quelques matchs avec nous.\u00a0\u00bb<\/p>\n<p>        <img decoding=\"async\" class=\"std-img__img responsive-img\" src=\"https:\/\/www.europesays.com\/fr\/wp-content\/uploads\/2025\/12\/1766505254_775_image.jpg\" alt=\"L\u2019ancien talon a repris le rugby, neuf ans apr\u00e8s la fin de sa carri\u00e8re professionnelle.\"\/><\/p>\n<p>                L\u2019ancien talon a repris le rugby, neuf ans apr\u00e8s la fin de sa carri\u00e8re professionnelle.<br \/>\n                                    DDM &#8211; MARIE-PIERRE VOLLE<\/p>\n<p>Le pr\u00e9sident du club n\u00e9 en 2022 de la fusion entre le Brens Olympique et l\u2019ESMPC (Entente sportive Montans Peyrole Cadalen) a laiss\u00e9 \u00e9chapper un sourire lorsqu\u2019il a int\u00e9gr\u00e9 cet \u00e9l\u00e9ment \u00e0 son effectif, bien que cela aurait pu arriver plus t\u00f4t\u00a0: \u00ab\u00a0Il souhaitait d\u00e9j\u00e0 venir il y a deux ans, lorsqu\u2019il \u00e9tait toujours entra\u00eeneur au SCA (dont il a ensuite \u00e9t\u00e9 \u00e9cart\u00e9 en f\u00e9vrier\u00a02025, ndlr). Mais \u00e7a ne s\u2019\u00e9tait pas fait finalement.\u00a0\u00bb<\/p>\n<p class=\"std-elt__inline\">\n        <strong>\u00c0 lire aussi :<\/strong><br \/>\n        <a href=\"https:\/\/www.ladepeche.fr\/2025\/08\/13\/la-saison-de-lunion-rive-gauche-est-deja-lancee-12873736.php\" target=\"_blank\" rel=\"noopener\">La saison de l\u2019Union Rive Gauche est d\u00e9j\u00e0 lanc\u00e9e<\/a>\n    <\/p>\n<p>Cette fois-ci s\u2019av\u00e8re \u00eatre la bonne.\u00a0Et l\u2019ancien talon n\u2019a pas pris les choses \u00e0 la l\u00e9g\u00e8re.\u00a0\u00ab\u00a0Il est venu se tester sur trois ou quatre entra\u00eenements. Il s\u2019est pr\u00e9par\u00e9 pendant un mois pour pouvoir jouer\u00a0\u00bb, souligne Gilles Millet, son entra\u00eeneur au c\u00f4t\u00e9 de Yannick Domingo, avec qui Mathieu Bonello avait \u00e9chang\u00e9 d\u00e8s mi-octobre afin de lui partager son souhait de venir \u00e0 l\u2019URG.<\/p>\n<p>Des gla\u00e7ons sur les cuisses<\/p>\n<p>Pour sa premi\u00e8re rencontre sous ses nouvelles couleurs, Bonello a d\u2019ailleurs sign\u00e9 une prestation remarqu\u00e9e. Align\u00e9 en deuxi\u00e8me ligne, avant de certainement \u00ab\u00a0glisser en num\u00e9ro\u00a08 plus tard\u00a0\u00bb pr\u00e9voit le coach, il a \u00ab\u00a0plaqu\u00e9, fourni les efforts\u00a0\u00bb, et surtout pens\u00e9 inscrire son premier essai depuis le 7\u00a0d\u00e9cembre 2014 \u2013 avec le CO contre les Wasps en Champions Cup \u2013, avant que l\u2019arbitre ne le refuse. \u00ab\u00a0Il aurait fait un appui suppl\u00e9mentaire une fois au sol\u00a0\u00bb, explique Gilles Millet.<\/p>\n<p class=\"std-elt__inline\">\n        <strong>\u00c0 lire aussi :<\/strong><br \/>\n        <a href=\"https:\/\/www.ladepeche.fr\/2025\/02\/08\/rugby-le-sca-annonce-se-separer-officiellement-de-son-entraineur-mathieu-bonello-12500370.php\" target=\"_blank\" rel=\"noopener\">Rugby\u00a0: le SCA annonce se s\u00e9parer officiellement de son entra\u00eeneur Mathieu Bonello<\/a>\n    <\/p>\n<p>L\u2019ancien manager de Lavaur, avec qui il fut champion de F\u00e9d\u00e9rale 1 en 2018, a particip\u00e9 \u00e0 \u00ab\u00a045-50 minutes\u00a0\u00bb note son entra\u00eeneur, impressionn\u00e9 de voir cela de la part d\u2019un joueur \u00e2g\u00e9 de 43 ans qu\u2019il retrouvera plus que \u00ab\u00a0souriant dans les vestiaires apr\u00e8s le coup de sifflet final\u00a0\u00bb. \u00ab\u00a0Bon, et c\u2019est normal, \u00e0 la fin, il avait mal aux jambes. Il nous a rejoints au repas de No\u00ebl le soir\u00a0et il a demand\u00e9 qu\u2019on lui apporte des gla\u00e7ons pour les poser sur ses cuisses\u00a0\u00bb, sourit Bernard Chamayou.<\/p>\n<p class=\"std-elt__inline\">\n        <strong>\u00c0 lire aussi :<\/strong><br \/>\n        <a href=\"https:\/\/www.ladepeche.fr\/2024\/06\/06\/sca-entre-bilan-et-evolutions-a-venir-un-virage-sera-pris-avec-des-changements-profonds-au-club-annonce-le-manager-mathieu-bonello-11998861.php\" target=\"_blank\" rel=\"noopener\">SCA\u00a0: Entre bilan et \u00e9volutions \u00e0 venir, \u00ab\u00a0un virage sera pris avec des changements profonds au club\u00a0\u00bb, annonce le manager Mathieu Bonello<\/a>\n    <\/p>\n<p>Plus que son nom, c\u2019est son exp\u00e9rience qu\u2019apporte Mathieu Bonello\u00a0\u00e0 des joueurs \u00ab\u00a0tr\u00e8s heureux de le compter dans le groupe\u00a0\u00bb\u00a0assure le pr\u00e9sident. \u00ab\u00a0Il conna\u00eet les rouages de notre sport. On l\u2019a accueilli simplement, mais les jeunes l\u2019\u00e9coutent. Il est \u00e9norm\u00e9ment dans l\u2019\u00e9change. Il sait aussi mettre en pratique les choses, c\u2019est pr\u00e9cieux\u00a0\u00bb, appr\u00e9cie Gilles Millet. L\u2019ancien talonneur a toujours aim\u00e9 former les jeunes. La fibre d\u2019entra\u00eeneur n\u2019est jamais loin, mais pas l\u2019Union Rive Gauche. \u00ab\u00a0Il a \u00e9t\u00e9 clair, il veut jouer et c\u2019est tout\u00a0\u00bb, cadre Millet. Sans prise de t\u00eate, juste pour la passion.<\/p>\n","protected":false},"excerpt":{"rendered":"l&rsquo;essentiel L\u2019ancien talonneur Mathieu Bonello est sorti de sa retraite. \u00c0 43 ans, l\u2019ex-joueur du Castres Olympique a&hellip;\n","protected":false},"author":2,"featured_media":618160,"comment_status":"","ping_status":"","sticky":false,"template":"","format":"standard","meta":{"footnotes":""},"categories":[1416],"tags":[72832,1011,27,479,1468,68796,70556,517,60,8412],"class_list":{"0":"post-618159","1":"post","2":"type-post","3":"status-publish","4":"format-standard","5":"has-post-thumbnail","7":"category-rugby","8":"tag-brens","9":"tag-fr","10":"tag-france","11":"tag-rugby","12":"tag-rugby-football","13":"tag-rugby-u00e0-xv","14":"tag-rugby-u00e0-xv-amateurs","15":"tag-sport","16":"tag-sports","17":"tag-tarn"},"share_on_mastodon":{"url":"https:\/\/pubeurope.com\/@fr\/115769696413354099","error":""},"_links":{"self":[{"href":"https:\/\/www.europesays.com\/fr\/wp-json\/wp\/v2\/posts\/618159","targetHints":{"allow":["GET"]}}],"collection":[{"href":"https:\/\/www.europesays.com\/fr\/wp-json\/wp\/v2\/posts"}],"about":[{"href":"https:\/\/www.europesays.com\/fr\/wp-json\/wp\/v2\/types\/post"}],"author":[{"embeddable":true,"href":"https:\/\/www.europesays.com\/fr\/wp-json\/wp\/v2\/users\/2"}],"replies":[{"embeddable":true,"href":"https:\/\/www.europesays.com\/fr\/wp-json\/wp\/v2\/comments?post=618159"}],"version-history":[{"count":0,"href":"https:\/\/www.europesays.com\/fr\/wp-json\/wp\/v2\/posts\/618159\/revisions"}],"wp:featuredmedia":[{"embeddable":true,"href":"https:\/\/www.europesays.com\/fr\/wp-json\/wp\/v2\/media\/618160"}],"wp:attachment":[{"href":"https:\/\/www.europesays.com\/fr\/wp-json\/wp\/v2\/media?parent=618159"}],"wp:term":[{"taxonomy":"category","embeddable":true,"href":"https:\/\/www.europesays.com\/fr\/wp-json\/wp\/v2\/categories?post=618159"},{"taxonomy":"post_tag","embeddable":true,"href":"https:\/\/www.europesays.com\/fr\/wp-json\/wp\/v2\/tags?post=618159"}],"curies":[{"name":"wp","href":"https:\/\/api.w.org\/{rel}","templated":true}]}}