{"id":618171,"date":"2025-12-23T16:04:16","date_gmt":"2025-12-23T16:04:16","guid":{"rendered":"https:\/\/www.europesays.com\/fr\/618171\/"},"modified":"2025-12-23T16:04:16","modified_gmt":"2025-12-23T16:04:16","slug":"television-anny-duperey-evincee-de-danse-avec-les-stars-a-la-derniere-minute","status":"publish","type":"post","link":"https:\/\/www.europesays.com\/fr\/618171\/","title":{"rendered":"T\u00e9l\u00e9vision: Anny Duperey \u00e9vinc\u00e9e de Danse avec les stars\u00a0\u00e0 la derni\u00e8re minute"},"content":{"rendered":"<p>Publi\u00e923. d\u00e9cembre 2025, 15:36<\/p>\n<p>T\u00e9l\u00e9vision: Anny Duperey \u00e9vinc\u00e9e de Danse avec les stars\u00a0\u00e0 la derni\u00e8re minute<\/p>\n<p>Alors qu\u2019elle devait participer \u00e0 la saison 15, l&rsquo;actrice a finalement \u00e9t\u00e9 \u00e9cart\u00e9e par TF1. La com\u00e9dienne de 78 ans d\u00e9nonce une d\u00e9cision brutale et discriminante.<\/p>\n<p><img decoding=\"async\" alt=\"Fabio Dell'Anna\" src=\"https:\/\/www.europesays.com\/fr\/wp-content\/uploads\/2025\/12\/1766505853_790_0b94a1ca-9e37-419c-9ad0-cfd4479593f2.jpeg\" class=\"sc-b1f21c84-1 juVSAe\"\/><img loading=\"lazy\" decoding=\"async\" src=\"https:\/\/www.europesays.com\/fr\/wp-content\/uploads\/2025\/12\/287d1552-969d-4501-8634-67e0f4f16dfe.jpg\" alt=\"Anny Duperey arrive \u00e0 la c\u00e9r\u00e9monie de cl\u00f4ture du 60e Festival de t\u00e9l\u00e9vision de Monte-Carlo, le 22 juin 2021, \u00e0 Monaco.\" title=\"Anny Duperey arrive \u00e0 la c\u00e9r\u00e9monie de cl\u00f4ture du 60e Festival de t\u00e9l\u00e9vision de Monte-Carlo, le 22 juin 2021, \u00e0 Monaco.\"  width=\"1200\" height=\"800\"\/><\/p>\n<p>Anny Duperey arrive \u00e0 la c\u00e9r\u00e9monie de cl\u00f4ture du 60e Festival de t\u00e9l\u00e9vision de Monte-Carlo, le 22 juin 2021, \u00e0 Monaco.<\/p>\n<p>Getty Images<\/p>\n<p>Depuis quelques jours, le casting complet de la quinzi\u00e8me saison de \u00abDanse avec les stars\u00bb est connu. Onze personnalit\u00e9s tenteront de remporter le troph\u00e9e, succ\u00e9dant \u00e0 L\u00e9nie. Parmi elles, Laure Manaudou, St\u00e9phane Bern, Ang\u00e9lique Angarni-Filopon (Miss France 2025), Ian Ziering, Julien Lieb, Emma Brayon, Lucie Bernardoni, Philippe Lellouche, Juju Fitcats, Maghla ou encore Samuel Bambi.<\/p>\n<p>Un nom manque pourtant \u00e0 l\u2019appel: celui d\u2019Anny Duperey. La com\u00e9dienne de 78 ans devait initialement faire partie de l\u2019aventure, avant d\u2019en \u00eatre \u00e9cart\u00e9e \u00e0 la derni\u00e8re minute. Elle a r\u00e9v\u00e9l\u00e9 les coulisses de cette d\u00e9cision dans une interview accord\u00e9e au \u00abParisien\u00bb, lundi 22 d\u00e9cembre 2025.<\/p>\n<p>\u00abTout d\u00e9but septembre, la production m\u2019a contact\u00e9e pour me demander si \u00e7a m\u2019amusait de faire cette \u00e9mission\u00bb, explique-t-elle. Forte de sa participation \u00e0 \u00abMask Singer\u00bb en avril 2023, qu\u2019elle avait beaucoup appr\u00e9ci\u00e9e, elle accepte la proposition \u00absans h\u00e9siter\u00bb, notamment pour faire plaisir \u00e0 ses petites-filles.<\/p>\n<p>\u00abJe suis vex\u00e9e\u00bb<\/p>\n<p>Les pr\u00e9paratifs \u00e9taient pourtant bien engag\u00e9s. \u00abLe 10 septembre, je suis all\u00e9e dans les studios pour rencontrer Yann-Alrick Mortreuil (ndlr: le danseur qui devait l&rsquo;accompagner pendant la saison). On s\u2019est marr\u00e9s comme des baleines. On a r\u00e9gl\u00e9 une premi\u00e8re danse qui \u00e9tait une jolie valse\u00bb, raconte-t-elle. Apr\u00e8s un test d\u2019effort et une visite m\u00e9dicale valid\u00e9e, elle re\u00e7oit m\u00eame le planning des primes et bloque tout son hiver jusqu\u2019\u00e0 fin avril pour se consacrer enti\u00e8rement \u00e0 l\u2019\u00e9mission. Puis, plus aucune nouvelle.<\/p>\n<p>Jusqu\u2019\u00e0 l\u2019appel fatal. \u00abLa production a appel\u00e9 mon agent en disant que la direction de TF1 avait soudainement d\u00e9couvert mon \u00e2ge et que les grands chefs avaient pos\u00e9 un veto \u00e0 ma participation\u00bb, relate Anny Duperey, tr\u00e8s remont\u00e9e. \u00abJe trouve \u00e7a ahurissant qu\u2019on d\u00e9couvre maintenant ma date de naissance. C\u2019est la preuve qu\u2019aujourd\u2019hui, on vous met subtilement au rancart \u00e0 cause de votre \u00e2ge, sans se soucier de savoir dans quelle forme vous \u00eates.\u00bb<\/p>\n<p>Bien qu\u2019aucun contrat n\u2019ait \u00e9t\u00e9 sign\u00e9, la com\u00e9dienne indique avoir n\u00e9goci\u00e9 sa participation et n\u2019exclut pas une action judiciaire. \u00abJe laisserai faire mon agent\u00bb, glisse-t-elle. Am\u00e8re, elle assure \u00e9galement qu\u2019elle ne regardera pas cette nouvelle saison: \u00abNon, l\u00e0 franchement, je suis vex\u00e9e. Peut-\u00eatre que je regarderai juste St\u00e9phane Bern, parce que je l\u2019aime beaucoup.\u00bb<\/p>\n","protected":false},"excerpt":{"rendered":"Publi\u00e923. d\u00e9cembre 2025, 15:36 T\u00e9l\u00e9vision: Anny Duperey \u00e9vinc\u00e9e de Danse avec les stars\u00a0\u00e0 la derni\u00e8re minute Alors qu\u2019elle&hellip;\n","protected":false},"author":2,"featured_media":618172,"comment_status":"","ping_status":"","sticky":false,"template":"","format":"standard","meta":{"footnotes":""},"categories":[1356],"tags":[58,59,1011,27,252,1364],"class_list":{"0":"post-618171","1":"post","2":"type-post","3":"status-publish","4":"format-standard","5":"has-post-thumbnail","7":"category-television","8":"tag-divertissement","9":"tag-entertainment","10":"tag-fr","11":"tag-france","12":"tag-television","13":"tag-tv"},"share_on_mastodon":{"url":"https:\/\/pubeurope.com\/@fr\/115769735865530372","error":""},"_links":{"self":[{"href":"https:\/\/www.europesays.com\/fr\/wp-json\/wp\/v2\/posts\/618171","targetHints":{"allow":["GET"]}}],"collection":[{"href":"https:\/\/www.europesays.com\/fr\/wp-json\/wp\/v2\/posts"}],"about":[{"href":"https:\/\/www.europesays.com\/fr\/wp-json\/wp\/v2\/types\/post"}],"author":[{"embeddable":true,"href":"https:\/\/www.europesays.com\/fr\/wp-json\/wp\/v2\/users\/2"}],"replies":[{"embeddable":true,"href":"https:\/\/www.europesays.com\/fr\/wp-json\/wp\/v2\/comments?post=618171"}],"version-history":[{"count":0,"href":"https:\/\/www.europesays.com\/fr\/wp-json\/wp\/v2\/posts\/618171\/revisions"}],"wp:featuredmedia":[{"embeddable":true,"href":"https:\/\/www.europesays.com\/fr\/wp-json\/wp\/v2\/media\/618172"}],"wp:attachment":[{"href":"https:\/\/www.europesays.com\/fr\/wp-json\/wp\/v2\/media?parent=618171"}],"wp:term":[{"taxonomy":"category","embeddable":true,"href":"https:\/\/www.europesays.com\/fr\/wp-json\/wp\/v2\/categories?post=618171"},{"taxonomy":"post_tag","embeddable":true,"href":"https:\/\/www.europesays.com\/fr\/wp-json\/wp\/v2\/tags?post=618171"}],"curies":[{"name":"wp","href":"https:\/\/api.w.org\/{rel}","templated":true}]}}