{"id":618173,"date":"2025-12-23T16:05:18","date_gmt":"2025-12-23T16:05:18","guid":{"rendered":"https:\/\/www.europesays.com\/fr\/618173\/"},"modified":"2025-12-23T16:05:18","modified_gmt":"2025-12-23T16:05:18","slug":"les-succes-et-les-drames-dune-chanteuse-populaire","status":"publish","type":"post","link":"https:\/\/www.europesays.com\/fr\/618173\/","title":{"rendered":"les succ\u00e8s et les drames d\u2019une chanteuse populaire"},"content":{"rendered":"<p>\n    <strong>DISPARITION<\/strong> &#8211; Figure de la chanson fran\u00e7aise des ann\u00e9es 1960 \u00e0\u00a01980, l\u2019interpr\u00e8te de Vous \u00e9tiez belle, madame, est d\u00e9c\u00e9d\u00e9e dimanche \u00e0 l\u2019\u00e2ge de 82 ans.<\/p>\n<p class=\"fig-paragraph\">Le 7 novembre 1965, une jeune femme timide, v\u00eatue d\u2019une modeste robe noire, appara\u00eet pour la premi\u00e8re fois \u00e0 la t\u00e9l\u00e9vision. S\u00e9lectionn\u00e9e pour participer au \u00ab\u00a0Jeu de la chance\u00a0\u00bb, l\u2019anc\u00eatre de tous les concours de chant d\u2019aujourd\u2019hui, elle s\u2019appelle\u00a0<a href=\"http:\/\/www.lefigaro.fr\/musique\/la-chanteuse-georgette-lemaire-interprete-de-vous-etiez-belle-madame-est-morte-a-82-ans-20251222\" data-fig-type=\"NewsFlash\" data-gtm-custom-categorie=\"navigation\" data-gtm-custom-action=\"crossclick\" data-gtm-custom-label=\"Contextuel\" data-gtm-event=\"customEventSPE\" data-fig-domain=\"LEFIGARO\" target=\"_blank\" rel=\"noopener\">Georgette Lemaire.<\/a>\u00a0Apr\u00e8s une courte pr\u00e9sentation par Roger Lanzac, elle interpr\u00e8te L\u2019Hymne \u00e0 l\u2019amour. Pl\u00e9biscit\u00e9e par un vote t\u00e9l\u00e9phonique des t\u00e9l\u00e9spectateurs, la \u00ab\u00a0candidate num\u00e9ro 5 du jour\u00a0\u00bb devient \u00ab\u00a0la num\u00e9ro un de la semaine\u00a0\u00bb.<\/p>\n<p class=\"fig-paragraph\">Le lendemain, la presse consacre des articles \u00e0 celle que l\u2019on surnomme d\u00e9j\u00e0 \u00ab la nouvelle Piaf\u00a0\u00bb. Elle triomphe \u00e0 nouveau les dimanches suivants avec Padam Padam, puis Le D\u00e9nicheur, avant d\u2019\u00eatre \u00e9limin\u00e9e le 21 novembre par une autre inconnue,\u00a0<a href=\"http:\/\/www.lefigaro.fr\/musique\/mireille-mathieu-le-grand-retour-du-rossignol-d-avignon-en-france-20251003\" data-fig-type=\"Article\" data-gtm-custom-categorie=\"navigation\" data-gtm-custom-action=\"crossclick\" data-gtm-custom-label=\"Contextuel\" data-gtm-event=\"customEventSPE\" data-fig-domain=\"LEFIGARO\" target=\"_blank\" rel=\"noopener\">Mireille Mathieu<\/a>. \u00ab Ce jeu de la chance est devenu pour moi celui de la malchance\u00a0\u00bb, dira plus tard Georgette Lemaire en dressant le bilan de sa carri\u00e8re, mais aussi de sa vie.<\/p>\n<p>                                            <a class=\"fig-a11y-skip\" href=\"#fig-a11y-skip-main-inarticle\" data-module=\"a11y-skip\" data-context=\"was @visible\"><br \/>\n    Passer la publicit\u00e9<br \/>\n<\/a>            <\/p>\n<p class=\"fig-paragraph\">N\u00e9e le 15 f\u00e9vrier 1943, Georgette Kibleur grandit entre Paul, un p\u00e8re ouvrier dans une usine \u00e0 Ivry, et L\u00e9one, une m\u00e8re diminu\u00e9e par la maladie. Enfant rebelle, elle d\u00e9teste l\u2019\u00e9cole, \u00e0 l\u2019exception des cours de chant. Le professeur, qui a remarqu\u00e9 la puissance de sa voix, conseille \u00e0 ses parents, de l\u2019inscrire au Conservatoire. C\u2019est, h\u00e9las, financi\u00e8rement impossible. Au lendemain de ses 14 ans, \u00e0 la veille du certificat d\u2019\u00e9tudes, elle entre dans la vie active. Elle travaille dans une bijouterie, qu\u2019elle quitte au lendemain de sa rencontre avec Daniel Lemaire, son a\u00een\u00e9 de deux ans. Le coup de foudre est tel qu\u2019elle l\u2019\u00e9pouse trois ans plus tard, et devient la m\u00e8re de deux enfants. Dans le studio de 12 m2 o\u00f9 la famille vit entass\u00e9e, elle chante \u00e0 longueur de journ\u00e9e. Gr\u00e2ce \u00e0 Yvonne, sa belle-m\u00e8re, elle se produit, pour le plaisir, chez Louisette, un restaurant du March\u00e9 aux Puces. C\u2019est l\u00e0 qu\u2019elle d\u00e9couvre une annonce recherchant des candidats pour ce \u00ab Jeu de la chance\u00a0\u00bb qui va bouleverser son destin.<\/p>\n<p>                                            Premi\u00e8re partie de Georges Brassens<\/p>\n<p class=\"fig-paragraph\">Son \u00e9limination n\u2019emp\u00eache pas les organisateurs de galas de lui faire des propositions, souvent bien modestes. Gr\u00e2ce \u00e0 un impr\u00e9sario, Eddy Marouani, elle rencontre\u00a0<a href=\"http:\/\/www.lefigaro.fr\/musique\/une-messe-a-la-memoire-de-charles-dumont-le-mome-de-piaf-a-saint-germain-des-pres-20251116\" data-fig-type=\"Article\" data-gtm-custom-categorie=\"navigation\" data-gtm-custom-action=\"crossclick\" data-gtm-custom-label=\"Contextuel\" data-gtm-event=\"customEventSPE\" data-fig-domain=\"LEFIGARO\" target=\"_blank\" rel=\"noopener\">Charles Dumont<\/a>\u00a0qui lui \u00e9crit la chanson phare de son premier 45 tours, \u00c0 faire l\u2019amour sans amour. C\u2019est ainsi que d\u00e9bute une p\u00e9riode faste avec des refrains r\u00e9guli\u00e8rement diffus\u00e9s sur les ondes, Et si c\u2019\u00e9tait vrai et Les tambours. Elle les interpr\u00e8te en 1967 \u00e0 Bobino, pendant un mois, en premi\u00e8re partie de Georges Brassens, l\u2019un des premiers \u00e0 avoir remarqu\u00e9 son talent.<\/p>\n<p>    Georges Brassens et Georgette Lemaire \u00e0 l\u2019avant-premi\u00e8re de Georges Brassens \u00e0 Bobino, le 10 janvier 1967.<br \/>\n                Giovanni Coruzzi \/ Bridgeman Images<\/p>\n<p class=\"fig-paragraph\">Elle se retrouve en 1968 \u00e0 l\u2019Olympia, en \u00ab\u00a0vedette am\u00e9ricaine\u00a0\u00bb d\u2019Enrico Macias. C\u2019est l\u00e0 qu\u2019elle cr\u00e9e son plus grand succ\u00e8s, Vous \u00e9tiez belle madame, de\u00a0<a href=\"http:\/\/www.lefigaro.fr\/musique\/jean-jacques-debout-raconte-anne-frank-frida-kahlo-et-jean-paul-belmondo-en-chansons-20240407\" data-fig-type=\"Article\" data-gtm-custom-categorie=\"navigation\" data-gtm-custom-action=\"crossclick\" data-gtm-custom-label=\"Contextuel\" data-gtm-event=\"customEventSPE\" data-fig-domain=\"LEFIGARO\" target=\"_blank\" rel=\"noopener\">Jean-Jacques Debout\u00a0<\/a>et\u00a0<a href=\"https:\/\/www.lefigaro.fr\/flash-actu\/2008\/05\/09\/01011-20080509FILWWW00379-l-animateur-pascal-sevran-est-mort.php\" data-fig-type=\"NewsFlash\" data-gtm-custom-categorie=\"navigation\" data-gtm-custom-action=\"crossclick\" data-gtm-custom-label=\"Contextuel\" data-gtm-event=\"customEventSPE\" data-fig-domain=\"LEFIGARO\" target=\"_blank\" rel=\"noopener\">Pascal Sevran<\/a>. Elle multiplie les tourn\u00e9es en France avec Alain Barri\u00e8re, Nicoletta et Joe Dassin. Elle se produit aussi \u00e0 Londres, Bruxelles, Varsovie, Bucarest et Acapulco.<\/p>\n<p class=\"fig-paragraph\">En revanche, en coulisses, les fausses notes se multiplient. Tomb\u00e9e amoureuse de Bob Sellers, son pianiste, elle divorce mais conserve, \u00e0 la sc\u00e8ne, le nom de Georgette Lemaire. Peu apr\u00e8s \u00eatre devenue m\u00e8re pour la troisi\u00e8me fois, les rapports se tendent avec le nouvel homme de sa vie. La s\u00e9paration survient au moment o\u00f9 elle entre dans une zone de turbulences financi\u00e8res dont elle ne va jamais sortir. Les ventes de disques sont en chute libre et les demandes de galas, naturellement peu nombreuses. Pascal Sevran et Jacques Martin deviennent les seuls \u00e0 lui demeurer fid\u00e8les en l\u2019accueillant dans \u00ab\u00a0La chance aux chansons\u00a0\u00bb et \u00ab\u00a0Dimanche Martin\u00a0\u00bb.<\/p>\n<p>                                            Menaces d\u2019expulsion<\/p>\n<p class=\"fig-paragraph\">La tourn\u00e9e\u00a0<a href=\"https:\/\/www.lefigaro.fr\/musique\/2017\/11\/13\/03006-20171113ARTFIG00255-les-seniors-font-des-vagues.php\" data-fig-type=\"Article\" data-gtm-custom-categorie=\"navigation\" data-gtm-custom-action=\"crossclick\" data-gtm-custom-label=\"Contextuel\" data-gtm-event=\"customEventSPE\" data-fig-domain=\"LEFIGARO\" target=\"_blank\" rel=\"noopener\">\u00c2ge tendre<\/a> \u00a0\u00e0 laquelle elle va participer pendant un an va \u00eatre celle de ses adieux. Elle finit par se retrouver dans l\u2019impossibilit\u00e9 de payer son loyer. Elle va<a href=\"https:\/\/www.lefigaro.fr\/culture\/2014\/04\/01\/03004-20140401ARTFIG00170-la-chanteuse-georgette-lemaire-menacee-a-son-tour-d-etre-expulsee.php\" data-fig-type=\"Article\" data-gtm-custom-categorie=\"navigation\" data-gtm-custom-action=\"crossclick\" data-gtm-custom-label=\"Contextuel\" data-gtm-event=\"customEventSPE\" data-fig-domain=\"LEFIGARO\" target=\"_blank\" rel=\"noopener\">\u00a0vivre des ann\u00e9es entre tribunaux<\/a>, constats d\u2019huissier et menaces d\u2019expulsion. Malgr\u00e9 des appels au secours dans la presse, elles vont finir par se concr\u00e9tiser. Elle \u00e9crit une lettre \u00e0\u00a0<a href=\"http:\/\/www.lefigaro.fr\/politique\/regarde-quand-barbara-celebre-la-victoire-de-francois-mitterrand-20250807\" data-fig-type=\"Article\" data-gtm-custom-categorie=\"navigation\" data-gtm-custom-action=\"crossclick\" data-gtm-custom-label=\"Contextuel\" data-gtm-event=\"customEventSPE\" data-fig-domain=\"LEFIGARO\" target=\"_blank\" rel=\"noopener\">Fran\u00e7ois Mitterrand<\/a>, qui, touch\u00e9 par sa situation, la fait nommer au Conseil \u00c9conomique et Social parmi les \u00ab\u00a0membres de la section des relations ext\u00e9rieures\u00a0\u00bb. Cela lui permet de payer le loyer de l\u2019appartement de Cr\u00e9teil, obtenu sur une intervention du Pr\u00e9sident de la R\u00e9publique. Deux ans plus tard, elle se retrouve \u00e0 nouveau \u00e0 la rue. Des fans qui lui sont demeur\u00e9s fid\u00e8les vont l\u2019h\u00e9berger avant qu\u2019elle obtienne une place \u00e0 Nogent-sur-Marne, dans une maison r\u00e9serv\u00e9e aux artistes n\u00e9cessiteux. C\u2019est l\u00e0 qu\u2019elle a termin\u00e9 sa vie, \u00e0 82 ans. Charles Dumont lui avait dit un jour\u00a0: \u00ab\u00a0Tu es un personnage de s\u00e9rie noire\u00a0\u00bb. Un titre, en ce qui la concerne, \u00e0 mettre au pluriel.<\/p>\n","protected":false},"excerpt":{"rendered":"DISPARITION &#8211; Figure de la chanson fran\u00e7aise des ann\u00e9es 1960 \u00e0\u00a01980, l\u2019interpr\u00e8te de Vous \u00e9tiez belle, madame, est&hellip;\n","protected":false},"author":2,"featured_media":618174,"comment_status":"","ping_status":"","sticky":false,"template":"","format":"standard","meta":{"footnotes":""},"categories":[1355],"tags":[2715,58,22526,59,1011,27,1361,873],"class_list":{"0":"post-618173","1":"post","2":"type-post","3":"status-publish","4":"format-standard","5":"has-post-thumbnail","7":"category-musique","8":"tag-disparition","9":"tag-divertissement","10":"tag-edith-piaf","11":"tag-entertainment","12":"tag-fr","13":"tag-france","14":"tag-music","15":"tag-musique"},"share_on_mastodon":{"url":"https:\/\/pubeurope.com\/@fr\/115769738792743531","error":""},"_links":{"self":[{"href":"https:\/\/www.europesays.com\/fr\/wp-json\/wp\/v2\/posts\/618173","targetHints":{"allow":["GET"]}}],"collection":[{"href":"https:\/\/www.europesays.com\/fr\/wp-json\/wp\/v2\/posts"}],"about":[{"href":"https:\/\/www.europesays.com\/fr\/wp-json\/wp\/v2\/types\/post"}],"author":[{"embeddable":true,"href":"https:\/\/www.europesays.com\/fr\/wp-json\/wp\/v2\/users\/2"}],"replies":[{"embeddable":true,"href":"https:\/\/www.europesays.com\/fr\/wp-json\/wp\/v2\/comments?post=618173"}],"version-history":[{"count":0,"href":"https:\/\/www.europesays.com\/fr\/wp-json\/wp\/v2\/posts\/618173\/revisions"}],"wp:featuredmedia":[{"embeddable":true,"href":"https:\/\/www.europesays.com\/fr\/wp-json\/wp\/v2\/media\/618174"}],"wp:attachment":[{"href":"https:\/\/www.europesays.com\/fr\/wp-json\/wp\/v2\/media?parent=618173"}],"wp:term":[{"taxonomy":"category","embeddable":true,"href":"https:\/\/www.europesays.com\/fr\/wp-json\/wp\/v2\/categories?post=618173"},{"taxonomy":"post_tag","embeddable":true,"href":"https:\/\/www.europesays.com\/fr\/wp-json\/wp\/v2\/tags?post=618173"}],"curies":[{"name":"wp","href":"https:\/\/api.w.org\/{rel}","templated":true}]}}