{"id":618181,"date":"2025-12-23T16:09:15","date_gmt":"2025-12-23T16:09:15","guid":{"rendered":"https:\/\/www.europesays.com\/fr\/618181\/"},"modified":"2025-12-23T16:09:15","modified_gmt":"2025-12-23T16:09:15","slug":"sa-maison-natale-a-toulouse-est-a-vendre","status":"publish","type":"post","link":"https:\/\/www.europesays.com\/fr\/618181\/","title":{"rendered":"sa maison natale \u00e0 Toulouse est \u00e0 vendre"},"content":{"rendered":"<p data-start=\"153\" data-end=\"537\" data-is-last-node=\"\" data-is-only-node=\"\">Figure embl\u00e9matique de la <a href=\"https:\/\/www.lejournaldelamaison.fr\/le-journal-de-la-maison\/reportages-maisons\/maisons-reportages-maisons\/michel-berger-france-gall-ramatuelle-dakar-maisons-iconiques-couple-faconne-histoire-530206.html\" target=\"_blank\" rel=\"noopener\"><br \/>\nchanson fran\u00e7aise<\/a>, Claude Nougaro reste profond\u00e9ment associ\u00e9 \u00e0<br \/>\nla ville de Toulouse, sa terre natale et source d\u00a0\u00bbinspiration. Des<br \/>\nann\u00e9es apr\u00e8s sa disparition, l\u2019\u00e9motion reste intacte autour de son<br \/>\n\u0153uvre\u2026 et de ses lieux de vie.<\/p>\n<p>Claude Nougaro, un grandes<br \/>\nchanteur aux racines toulousaines<\/p>\n<p data-start=\"853\" data-end=\"1214\">N\u00e9 en <strong data-start=\"859\" data-end=\"878\">1929 \u00e0 Toulouse<\/strong>, Claude Nougaro est l\u2019un<br \/>\ndes artistes fran\u00e7ais les plus marquants du XXe si\u00e8cle. Connu pour<br \/>\nson style unique m\u00ealant <strong data-start=\"995\" data-end=\"1048\">chanson fran\u00e7aise, jazz, po\u00e9sie et rythmes latins<\/strong>,<br \/>\nil a su marier les mots et la musique avec une libert\u00e9 rare. Ses<br \/>\ntextes, profonds et cisel\u00e9s, sont aujourd\u2019hui encore \u00e9tudi\u00e9s et<br \/>\nchant\u00e9s par toutes les g\u00e9n\u00e9rations.<\/p>\n<p data-start=\"1216\" data-end=\"1667\">Fier de ses<br \/>\n<strong data-start=\"1228\" data-end=\"1253\">origines<br \/>\ntoulousaines<\/strong>, l\u2019artiste a toujours revendiqu\u00e9 son<br \/>\nattachement \u00e0 sa ville natale. Il l\u2019\u00e9voque dans plusieurs titres<br \/>\ncultes, dont Toulouse,<br \/>\ndevenu hymne local. Nougaro a grandi dans un environnement<br \/>\nartistique : son p\u00e8re \u00e9tait chanteur d&rsquo;op\u00e9ra, sa m\u00e8re professeur de<br \/>\npiano. C\u2019est dans cet univers que s\u2019est form\u00e9e sa sensibilit\u00e9<br \/>\nmusicale, nourrie par la <strong data-start=\"1595\" data-end=\"1616\">culture classique<\/strong>, le <strong data-start=\"1621\" data-end=\"1640\">verbe populaire<\/strong> et le <strong data-start=\"1647\" data-end=\"1666\">groove du monde<\/strong>.<\/p>\n<p>Claude Nougaro : sa superbe<br \/>\nmaison d\u2019enfance \u00e0 Toulouse, \u00e0 deux pas de la Basilique<br \/>\nSaint-Sernin<\/p>\n<p data-start=\"1727\" data-end=\"2043\">La maison d&rsquo;enfance o\u00f9 Claude<br \/>\nNougaro a vu le jour se situe au <strong data-start=\"1784\" data-end=\"1802\">56 rue du Taur<\/strong>, dans le centre historique<br \/>\nde Toulouse, \u00e0 quelques pas de la basilique Saint-Sernin,<br \/>\napprend-t-on sur le site Haute-Garonne Tourisme. Ce lieu de<br \/>\nnaissance est aujourd\u2019hui signal\u00e9 par une <strong data-start=\"1941\" data-end=\"1965\">plaque comm\u00e9morative<\/strong>, install\u00e9e par la<br \/>\nville en 2009, \u00e0 l\u2019occasion des cinq ans de sa disparition :<br \/>\n\u00a0\u00ab Ici naquit Claude Nougaro, po\u00e8te et chanteur.<br \/>\n1929-2004 \u00bb.<\/p>\n<p data-start=\"2045\" data-end=\"2439\">Ce b\u00e2timent typiquement<br \/>\ntoulousain, avec ses <a href=\"https:\/\/www.lejournaldelamaison.fr\/le-journal-de-la-maison\/reportages-maisons\/maisons-reportages-maisons\/antoine-de-caunes-jai-commence-a-y-aller-je-devais-avoir-3-ans-et-jy-retournais-tous-les-etes-dans-la-meme-maison-sa-demeure-du-xixe1b589-siecle-en-briques-roses-a-trouville-529232.html\" target=\"_blank\" rel=\"noopener\"><br \/>\n<strong data-start=\"2090\" data-end=\"2107\">briques<br \/>\nroses<\/strong><\/a> et son charme d\u2019\u00e9poque, attire encore les<br \/>\ncurieux et les passionn\u00e9s du chanteur. C\u2019est ici que le petit<br \/>\nClaude a fait ses premiers pas, dans un <strong data-start=\"2252\" data-end=\"2270\">quartier anim\u00e9<\/strong>, \u00e0 la fois populaire et<br \/>\ncharg\u00e9 d\u2019histoire. On imagine facilement le jeune Nougaro,<br \/>\nabsorbant les sons et les ambiances de la ville, qui nourriront<br \/>\nplus tard ses textes.<\/p>\n<blockquote class=\"instagram-media\" style=\"background: #ffffff;border: 0;margin: 1px;width: 100%;padding: 0;max-width: 500px;\" data-instgrm-permalink=\"https:\/\/www.instagram.com\/p\/C4GZOvUt-vG\/\" data-instgrm-version=\"14\"\/>\n<p>Claude Nougaro : son sublime appartement toulousain, avec vue sur<br \/>\nla Garonne, d\u00e9sormais en vente<\/p>\n<p data-start=\"2494\" data-end=\"2911\">Selon La D\u00e9p\u00eache du Midi, l\u2019ancien appartement de<br \/>\nClaude Nougaro est aujourd\u2019hui <strong data-start=\"2577\" data-end=\"2593\">mis en vente<\/strong>. Il s\u2019agit d\u2019un bien rare : un<br \/>\n<strong data-start=\"2625\" data-end=\"2646\">3 pi\u00e8ces de 77<br \/>\nm\u00b2<\/strong>, situ\u00e9 au <strong data-start=\"2657\" data-end=\"2684\">4e<br \/>\n\u00e9tage sans ascenseur<\/strong>, avec une <strong data-start=\"2695\" data-end=\"2725\">vue directe sur la Garonne<\/strong>. Ce n\u2019est pas<br \/>\nl\u2019appartement exact de sa naissance, mais bien celui dans lequel<br \/>\nl\u2019artiste a <strong data-start=\"2817\" data-end=\"2832\">v\u00e9cu<br \/>\nenfant<\/strong>, ce qui en fait un bien <strong data-start=\"2857\" data-end=\"2871\">symbolique<\/strong> pour les amateurs de chanson<br \/>\nfran\u00e7aise.<\/p>\n<p data-start=\"2913\" data-end=\"3233\">Le logement est propos\u00e9 \u00e0 la<br \/>\nvente pour <strong data-start=\"2953\" data-end=\"2966\">275 000<br \/>\n\u20ac<\/strong>. Ce bien immobilier unique int\u00e9ressera sans doute aussi<br \/>\nbien des <strong data-start=\"3032\" data-end=\"3051\">fans de<br \/>\nNougaro<\/strong> que des passionn\u00e9s d\u2019histoire toulousaine. Sa<br \/>\nlocalisation centrale et sa <strong data-start=\"3126\" data-end=\"3149\">valeur patrimoniale<\/strong> en font un appartement \u00e0 fort<br \/>\npotentiel, au-del\u00e0 de son lien intime avec l\u2019artiste.<\/p>\n<p><script async src=\"\/\/www.instagram.com\/embed.js\"><\/script><\/p>\n","protected":false},"excerpt":{"rendered":"Figure embl\u00e9matique de la chanson fran\u00e7aise, Claude Nougaro reste profond\u00e9ment associ\u00e9 \u00e0 la ville de Toulouse, sa terre&hellip;\n","protected":false},"author":2,"featured_media":618182,"comment_status":"","ping_status":"","sticky":false,"template":"","format":"standard","meta":{"footnotes":""},"categories":[8],"tags":[13041,31552,7859,1805,72834,4070,58,59,1011,27,4743,18799,2142,72833,5261,10649,3213,72835,2312],"class_list":{"0":"post-618181","1":"post","2":"type-post","3":"status-publish","4":"format-standard","5":"has-post-thumbnail","7":"category-divertissement","8":"tag-a","9":"tag-basilique","10":"tag-claude","11":"tag-de","12":"tag-denfance","13":"tag-deux","14":"tag-divertissement","15":"tag-entertainment","16":"tag-fr","17":"tag-france","18":"tag-la","19":"tag-magnifique","20":"tag-maison","21":"tag-nougaro","22":"tag-pas","23":"tag-sa","24":"tag-saint","25":"tag-sernin","26":"tag-toulouse"},"share_on_mastodon":{"url":"https:\/\/pubeurope.com\/@fr\/115769754516565098","error":""},"_links":{"self":[{"href":"https:\/\/www.europesays.com\/fr\/wp-json\/wp\/v2\/posts\/618181","targetHints":{"allow":["GET"]}}],"collection":[{"href":"https:\/\/www.europesays.com\/fr\/wp-json\/wp\/v2\/posts"}],"about":[{"href":"https:\/\/www.europesays.com\/fr\/wp-json\/wp\/v2\/types\/post"}],"author":[{"embeddable":true,"href":"https:\/\/www.europesays.com\/fr\/wp-json\/wp\/v2\/users\/2"}],"replies":[{"embeddable":true,"href":"https:\/\/www.europesays.com\/fr\/wp-json\/wp\/v2\/comments?post=618181"}],"version-history":[{"count":0,"href":"https:\/\/www.europesays.com\/fr\/wp-json\/wp\/v2\/posts\/618181\/revisions"}],"wp:featuredmedia":[{"embeddable":true,"href":"https:\/\/www.europesays.com\/fr\/wp-json\/wp\/v2\/media\/618182"}],"wp:attachment":[{"href":"https:\/\/www.europesays.com\/fr\/wp-json\/wp\/v2\/media?parent=618181"}],"wp:term":[{"taxonomy":"category","embeddable":true,"href":"https:\/\/www.europesays.com\/fr\/wp-json\/wp\/v2\/categories?post=618181"},{"taxonomy":"post_tag","embeddable":true,"href":"https:\/\/www.europesays.com\/fr\/wp-json\/wp\/v2\/tags?post=618181"}],"curies":[{"name":"wp","href":"https:\/\/api.w.org\/{rel}","templated":true}]}}