{"id":618187,"date":"2025-12-23T16:12:15","date_gmt":"2025-12-23T16:12:15","guid":{"rendered":"https:\/\/www.europesays.com\/fr\/618187\/"},"modified":"2025-12-23T16:12:15","modified_gmt":"2025-12-23T16:12:15","slug":"emmanuel-macron-reaffirme-le-soutien-de-la-france-a-la-souverainete-danoise-face-aux-ambitions-des-etats-unis","status":"publish","type":"post","link":"https:\/\/www.europesays.com\/fr\/618187\/","title":{"rendered":"Emmanuel Macron r\u00e9affirme le soutien de la France \u00e0 la souverainet\u00e9 danoise face aux ambitions des Etats-Unis"},"content":{"rendered":"<p>                      <img loading=\"lazy\" decoding=\"async\" src=\"https:\/\/www.europesays.com\/fr\/wp-content\/uploads\/2025\/12\/1a8e7c3_ftp-1-gxtzn7vhr21g-5741322-01-06.jpg\" alt=\"Emmanuel Macron et la premi\u00e8re ministre danoise, Mette Frederiksen, \u00e0 bord de la fr\u00e9gate danoise \u00ab\u00a0Niels Juel\u00a0\u00bb, \u00e0 Nuuk (Groenland), le 15\u00a0juin 2025. \"   width=\"664\" height=\"443\"\/>    Emmanuel Macron et la premi\u00e8re ministre danoise, Mette Frederiksen, \u00e0 bord de la fr\u00e9gate danoise \u00ab\u00a0Niels Juel\u00a0\u00bb, \u00e0 Nuuk (Groenland), le 15\u00a0juin 2025.  LUDOVIC MARIN\/AFP                          <\/p>\n<p class=\"article__paragraph  \">Le Groenland \u00ab\u00a0appartient \u00e0 son peuple\u00a0\u00bb et \u00ab\u00a0le Danemark en est le garant\u00a0\u00bb, a r\u00e9agi, mardi 23\u00a0d\u00e9cembre, Emmanuel Macron, face \u00e0 la volont\u00e9 r\u00e9p\u00e9t\u00e9e de Donald Trump d\u2019annexer ce territoire danois. \u00ab\u00a0J\u2019associe ma voix \u00e0 celle des Europ\u00e9ens pour exprimer notre pleine solidarit\u00e9\u00a0\u00bb, a \u00e9crit sur X le chef de l\u2019Etat, qui s\u2019\u00e9tait rendu \u00e0 Nuuk en juin pour affirmer \u00ab\u00a0le soutien de la France \u00e0 la souverainet\u00e9 et \u00e0 l\u2019int\u00e9grit\u00e9 territoriale du Danemark et du Groenland\u00a0\u00bb.<\/p>\n<p>                                            Lire aussi |  Article r\u00e9serv\u00e9 \u00e0 nos abonn\u00e9s  <a href=\"https:\/\/www.lemonde.fr\/international\/article\/2025\/12\/22\/la-nomination-d-un-envoye-special-americain-pour-le-groenland-suscite-l-indignation-au-danemark_6659148_3210.html\" class=\"js-article-read-also catcher--favoris__link\" data-premium=\"1\" id=\"article-title-3452177\" target=\"_blank\" rel=\"noopener\">La nomination d\u2019un envoy\u00e9 sp\u00e9cial am\u00e9ricain pour le Groenland\u00a0suscite l\u2019indignation au Danemark<\/a>    <\/p>\n<p>   Lire plus tard  <\/p>\n<p class=\"article__paragraph  \">Lundi, Donald Trump <a href=\"https:\/\/www.lemonde.fr\/international\/article\/2025\/12\/22\/donald-trump-confirme-ses-convoitises-du-groeland-jeff-landry-nomme-envoye-special-de-l-ile-arctique_6659104_3210.html\" target=\"_blank\" rel=\"noopener\">a r\u00e9p\u00e9t\u00e9 que les Etats-Unis<\/a> avaient \u00ab\u00a0besoin\u00a0\u00bb du Groenland pour assurer leur s\u00e9curit\u00e9 face \u00e0 la Chine et \u00e0 la Russie. Des propos qu\u2019il avait d\u00e9j\u00e0 tenus apr\u00e8s son \u00e9lection.<\/p>\n<p>                    Le Groenland n\u2019est pas \u00e0 vendre                    <\/p>\n<p class=\"article__paragraph  \">Les dirigeants du Danemark comme du Groenland ont r\u00e9p\u00e9t\u00e9 \u00e0 plusieurs reprises que cette immense \u00eele arctique de 57\u00a0000\u00a0habitants, riche en m\u00e9taux rares, n\u2019\u00e9tait pas \u00e0 vendre.<\/p>\n<p class=\"article__paragraph  \">\u00ab\u00a0A la suite des premi\u00e8res d\u00e9clarations du nouvel envoy\u00e9 sp\u00e9cial am\u00e9ricain pour le Groenland, la France rappelle que la souverainet\u00e9 des Etats et l\u2019intangibilit\u00e9 des fronti\u00e8res sont des principes fondamentaux du droit international\u00a0\u00bb, a soulign\u00e9 le porte-parole du minist\u00e8re des affaires \u00e9trang\u00e8res fran\u00e7ais, Pascal Confavreux. Il a par ailleurs soulign\u00e9 que la France demeurait \u00ab\u00a0pleinement engag\u00e9e dans la mise en \u0153uvre du partenariat strat\u00e9gique franco-danois sign\u00e9 en avril\u00a02025, fond\u00e9 sur des liens d\u2019amiti\u00e9, des relations \u00e9conomiques et culturelles denses ainsi que des valeurs communes, telles que le respect du droit\u00a0\u00bb.<\/p>\n<p class=\"article__paragraph  \">Paris escompte enfin acc\u00e9l\u00e9rer la mise en \u0153uvre du partenariat strat\u00e9gique sign\u00e9 en\u00a02023 entre l\u2019Union europ\u00e9enne et le Groenland.<\/p>\n<p class=\"author__detail\">  Le Monde avec AFP  <\/p>\n<p>                <a href=\"https:\/\/www.lemonde.fr\/syndication\/\" class=\"reuse__content\" title=\"R\u00e9utiliser ce contenu\" target=\"_blank\" rel=\"noopener\">R\u00e9utiliser ce contenu<\/a>      <\/p>\n","protected":false},"excerpt":{"rendered":"Emmanuel Macron et la premi\u00e8re ministre danoise, Mette Frederiksen, \u00e0 bord de la fr\u00e9gate danoise \u00ab\u00a0Niels Juel\u00a0\u00bb, \u00e0&hellip;\n","protected":false},"author":2,"featured_media":618188,"comment_status":"","ping_status":"","sticky":false,"template":"","format":"standard","meta":{"footnotes":""},"categories":[5],"tags":[11,1011,27,14,12,28],"class_list":{"0":"post-618187","1":"post","2":"type-post","3":"status-publish","4":"format-standard","5":"has-post-thumbnail","7":"category-international","8":"tag-actualites","9":"tag-fr","10":"tag-france","11":"tag-international","12":"tag-news","13":"tag-world"},"share_on_mastodon":{"url":"https:\/\/pubeurope.com\/@fr\/115769766458515711","error":""},"_links":{"self":[{"href":"https:\/\/www.europesays.com\/fr\/wp-json\/wp\/v2\/posts\/618187","targetHints":{"allow":["GET"]}}],"collection":[{"href":"https:\/\/www.europesays.com\/fr\/wp-json\/wp\/v2\/posts"}],"about":[{"href":"https:\/\/www.europesays.com\/fr\/wp-json\/wp\/v2\/types\/post"}],"author":[{"embeddable":true,"href":"https:\/\/www.europesays.com\/fr\/wp-json\/wp\/v2\/users\/2"}],"replies":[{"embeddable":true,"href":"https:\/\/www.europesays.com\/fr\/wp-json\/wp\/v2\/comments?post=618187"}],"version-history":[{"count":0,"href":"https:\/\/www.europesays.com\/fr\/wp-json\/wp\/v2\/posts\/618187\/revisions"}],"wp:featuredmedia":[{"embeddable":true,"href":"https:\/\/www.europesays.com\/fr\/wp-json\/wp\/v2\/media\/618188"}],"wp:attachment":[{"href":"https:\/\/www.europesays.com\/fr\/wp-json\/wp\/v2\/media?parent=618187"}],"wp:term":[{"taxonomy":"category","embeddable":true,"href":"https:\/\/www.europesays.com\/fr\/wp-json\/wp\/v2\/categories?post=618187"},{"taxonomy":"post_tag","embeddable":true,"href":"https:\/\/www.europesays.com\/fr\/wp-json\/wp\/v2\/tags?post=618187"}],"curies":[{"name":"wp","href":"https:\/\/api.w.org\/{rel}","templated":true}]}}